{"id":987503749,"date":"2026-09-02T08:56:36","date_gmt":"2026-09-02T13:56:36","guid":{"rendered":"https:\/\/ministeriopublico.gob.pa\/instituto\/?p=987503749"},"modified":"2026-09-02T08:56:36","modified_gmt":"2026-09-02T13:56:36","slug":"derechos-humanos-de-las-personas-migrantes","status":"publish","type":"post","link":"https:\/\/ministeriopublico.gob.pa\/instituto\/noticias\/derechos-humanos-de-las-personas-migrantes\/","title":{"rendered":"DERECHOS HUMANOS DE LAS PERSONAS MIGRANTES"},"content":{"rendered":"<style type=\"text\/css\">\n#foogallery-gallery-987503751 .fg-image { width: 640px; }<\/style>\n\t\t\t<div class=\"foogallery foogallery-container foogallery-image-viewer foogallery-link-image foogallery-lightbox-foogallery fg-center fg-image-viewer fg-ready fg-light fg-border-thin fg-round-small fg-shadow-outline fg-shadow-inset-large fg-loading-default fg-loaded-fade-in fg-hover-semi-zoomed fg-caption-always fg-hover-fade fg-hover-plus3\" id=\"foogallery-gallery-987503751\" data-foogallery=\"{&quot;panel&quot;:{&quot;buttons&quot;:{&quot;download&quot;:false}},&quot;item&quot;:{&quot;showCaptionTitle&quot;:true,&quot;showCaptionDescription&quot;:true},&quot;lazy&quot;:true,&quot;src&quot;:&quot;src&quot;,&quot;srcset&quot;:&quot;srcset&quot;,&quot;template&quot;:{&quot;loop&quot;:true,&quot;autoplay&quot;:0}}\" data-foogallery-lightbox=\"{&quot;thumbs&quot;:&quot;bottom&quot;,&quot;thumbsCaptions&quot;:false,&quot;thumbsBestFit&quot;:false,&quot;thumbsSmall&quot;:false,&quot;thumbsCaptionsAlign&quot;:&quot;default&quot;,&quot;info&quot;:&quot;bottom&quot;,&quot;infoVisible&quot;:true,&quot;infoOverlay&quot;:true,&quot;infoAlign&quot;:&quot;default&quot;,&quot;transition&quot;:&quot;fade&quot;,&quot;hoverButtons&quot;:false,&quot;fitMedia&quot;:false,&quot;noScrollbars&quot;:true,&quot;preserveButtonSpace&quot;:true,&quot;buttons&quot;:{&quot;fullscreen&quot;:true,&quot;info&quot;:true,&quot;thumbs&quot;:false,&quot;download&quot;:false},&quot;video&quot;:{&quot;autoPlay&quot;:true}}\" style=\"--fg-title-line-clamp: 1; --fg-description-line-clamp: 2;\" >\n\t<div class=\"fiv-inner\">\n\t\t<div class=\"fiv-inner-container\">\n\t\t\t<div class=\"fg-item fg-type-image fg-loading\"><figure class=\"fg-item-inner\"><a href=\"https:\/\/ministeriopublico.gob.pa\/instituto\/wp-content\/uploads\/2026\/09\/IMG_9682-scaled.jpg\" data-attachment-id=\"987503755\" data-type=\"image\" class=\"fg-thumb\"><span class=\"fg-image-wrap\"><img src=\"https:\/\/ministeriopublico.gob.pa\/instituto\/wp-content\/uploads\/cache\/2026\/09\/IMG_9682-scaled\/132949384.jpg\" width=\"640\" height=\"360\" class=\"skip-lazy fg-image\" decoding=\"async\" loading=\"lazy\"><\/span><span class=\"fg-image-overlay\"><\/span><\/a><\/figure><div class=\"fg-loader\"><\/div><\/div><div class=\"fg-item fg-type-image fg-loading\"><figure class=\"fg-item-inner\"><a href=\"https:\/\/ministeriopublico.gob.pa\/instituto\/wp-content\/uploads\/2026\/09\/IMG_9657-scaled.jpg\" data-attachment-id=\"987503754\" data-type=\"image\" class=\"fg-thumb\"><span class=\"fg-image-wrap\"><img src=\"https:\/\/ministeriopublico.gob.pa\/instituto\/wp-content\/uploads\/cache\/2026\/09\/IMG_9657-scaled\/681668515.jpg\" width=\"640\" height=\"360\" class=\"skip-lazy fg-image\" decoding=\"async\" loading=\"lazy\"><\/span><span class=\"fg-image-overlay\"><\/span><\/a><\/figure><div class=\"fg-loader\"><\/div><\/div><div class=\"fg-item fg-type-image fg-loading\"><figure class=\"fg-item-inner\"><a href=\"https:\/\/ministeriopublico.gob.pa\/instituto\/wp-content\/uploads\/2026\/09\/foto-6.jpeg\" data-attachment-id=\"987503752\" data-type=\"image\" class=\"fg-thumb\"><span class=\"fg-image-wrap\"><img src=\"https:\/\/ministeriopublico.gob.pa\/instituto\/wp-content\/uploads\/cache\/2026\/09\/foto-6\/2867403773.jpeg\" width=\"640\" height=\"360\" class=\"skip-lazy fg-image\" decoding=\"async\" loading=\"lazy\"><\/span><span class=\"fg-image-overlay\"><\/span><\/a><\/figure><div class=\"fg-loader\"><\/div><\/div><div class=\"fg-item fg-type-image fg-loading\"><figure class=\"fg-item-inner\"><a href=\"https:\/\/ministeriopublico.gob.pa\/instituto\/wp-content\/uploads\/2026\/09\/FOTO2-e1788357336711.jpeg\" data-attachment-id=\"987503753\" data-type=\"image\" class=\"fg-thumb\"><span class=\"fg-image-wrap\"><img src=\"https:\/\/ministeriopublico.gob.pa\/instituto\/wp-content\/uploads\/cache\/2026\/09\/FOTO2-e1788357336711\/3968710057.jpeg\" width=\"640\" height=\"360\" class=\"skip-lazy fg-image\" decoding=\"async\" loading=\"lazy\"><\/span><span class=\"fg-image-overlay\"><\/span><\/a><\/figure><div class=\"fg-loader\"><\/div><\/div><div class=\"fg-item fg-type-image fg-loading\"><figure class=\"fg-item-inner\"><a href=\"https:\/\/ministeriopublico.gob.pa\/instituto\/wp-content\/uploads\/2026\/09\/IMG_9703-scaled.jpg\" data-attachment-id=\"987503756\" data-type=\"image\" class=\"fg-thumb\"><span class=\"fg-image-wrap\"><img src=\"https:\/\/ministeriopublico.gob.pa\/instituto\/wp-content\/uploads\/cache\/2026\/09\/IMG_9703-scaled\/1948414311.jpg\" width=\"640\" height=\"360\" class=\"skip-lazy fg-image\" decoding=\"async\" loading=\"lazy\"><\/span><span class=\"fg-image-overlay\"><\/span><\/a><\/figure><div class=\"fg-loader\"><\/div><\/div><div class=\"fg-item fg-type-image fg-loading\"><figure class=\"fg-item-inner\"><a href=\"https:\/\/ministeriopublico.gob.pa\/instituto\/wp-content\/uploads\/2026\/09\/IMG_9704-scaled.jpg\" data-attachment-id=\"987503757\" data-type=\"image\" class=\"fg-thumb\"><span class=\"fg-image-wrap\"><img src=\"https:\/\/ministeriopublico.gob.pa\/instituto\/wp-content\/uploads\/cache\/2026\/09\/IMG_9704-scaled\/4205004932.jpg\" width=\"640\" height=\"360\" class=\"skip-lazy fg-image\" decoding=\"async\" loading=\"lazy\"><\/span><span class=\"fg-image-overlay\"><\/span><\/a><\/figure><div class=\"fg-loader\"><\/div><\/div>\t\t<\/div>\n\t\t<div class=\"fiv-ctrls\">\n\t\t\t<button type=\"button\" class=\"fiv-prev\" title=\"Anterior\"><span>Anterior<\/span><\/button>\n\t\t\t<label class=\"fiv-count\"><span class=\"fiv-count-current\">1<\/span>de<span class=\"fiv-count-total\">6<\/span><\/label>\n\t\t\t<button type=\"button\" class=\"fiv-next\" title=\"Siguiente\"><span>Siguiente<\/span><\/button>\n\t\t<\/div>\n\t<\/div>\n<\/div>\n\n<p>Con el firme compromiso de fortalecer las competencias interinstitucionales, el <a href=\"https:\/\/ministeriopublico.gob.pa\/instituto\/\">Instituto Superior de Formaci\u00f3n de Fiscales Dra. Clara Gonz\u00e1lez de Behringer<\/a> inaugur\u00f3 oficialmente el curso especializado \u00abDerechos Humanos de las Personas Migrantes\u201d. El evento, realizado el 27 y 28 de agosto de 2026, cont\u00f3 con la participaci\u00f3n de 30 participantes.<\/p>\n<p>Esta capacitaci\u00f3n interinstitucional cont\u00f3 con la participaci\u00f3n activa de representantes del <a href=\"https:\/\/www.aeronaval.gob.pa\/\">Servicio Nacional Aeronaval (SENAN)<\/a>, el <a href=\"https:\/\/www.senafront.gob.pa\/\">Servicio Nacional de Fronteras (SENAFRONT)<\/a>, la <a href=\"https:\/\/www.policia.gob.pa\/\">Polic\u00eda Nacional<\/a>, la Direcci\u00f3n de Investigaci\u00f3n Judicial (DIJ) y el <a href=\"https:\/\/www.migracion.gob.pa\/\">Servicio Nacional de Migraci\u00f3n<\/a>. El objetivo principal de esta jornada consisti\u00f3 en concienciar y dotar de herramientas te\u00f3ricas y pr\u00e1cticas a las autoridades para optimizar la respuesta legal e institucional ante las complejas din\u00e1micas de movilidad humana que atraviesa el pa\u00eds.<\/p>\n<p>La jornada acad\u00e9mica inici\u00f3 con la intervenci\u00f3n de la directora del Instituto Superior, la licenciada Delia De Castro, quien exhort\u00f3 a los asistentes a aprovechar al m\u00e1ximo los conocimientos impartido y subray\u00f3 la importancia de robustecer las capacidades profesionales para aplicar buenas pr\u00e1cticas en materia de protecci\u00f3n de derechos de los grupos en condiciones de vulnerabilidad, instando a los participantes a actuar como verdaderos agentes de cambio dentro del sistema de justicia penal de Panam\u00e1.<\/p>\n<p>La docencia estuvo a cargo de un selecto cuerpo de facilitadores conformado por la fiscal Giselle Acosta, de la Fiscal\u00eda Regional de Chiriqu\u00ed; el fiscal Carlos Mario Mart\u00ednez, de la Fiscal\u00eda Regional de Dari\u00e9n; y el fiscal Agust\u00edn Almario, de la Fiscal\u00eda de Asuntos Internacionales. Durante el seminario, los especialistas abordaron tem\u00e1ticas fundamentales como los conceptos t\u00e9cnicos de migraci\u00f3n y refugiados, la protecci\u00f3n internacional, las implicaciones de la Declaraci\u00f3n Universal de los Derechos Humanos, las diferencias entre protecci\u00f3n complementaria y temporal, las garant\u00edas del debido proceso migratorio, el derecho a la informaci\u00f3n y el acceso a la asistencia consular. Asimismo, se realiz\u00f3 un exhaustivo an\u00e1lisis pr\u00e1ctico sobre la jurisprudencia del Caso V\u00e9lez Loor, entre otros t\u00f3picos de alta relevancia jur\u00eddica.<\/p>\n<p>La jornada concluy\u00f3 con un din\u00e1mico espacio de debate e intercambio de impresiones, donde los participantes manifestaron su agradecimiento por la calidad de las herramientas formativas adquiridas.<\/p>\n<p>Con esta iniciativa, el Instituto Superior de Formaci\u00f3n de Fiscales reafirma su misi\u00f3n de promover la actualizaci\u00f3n continua y la sensibilizaci\u00f3n en derechos humanos, consolidando la cooperaci\u00f3n mutua entre el <a href=\"https:\/\/ministeriopublico.gob.pa\/\">Ministerio P\u00fablico<\/a> y los brazos operativos de la seguridad nacional.<\/p>\n","protected":false},"excerpt":{"rendered":"<p>Con el firme compromiso de fortalecer las competencias interinstitucionales, el Instituto Superior de Formaci\u00f3n de Fiscales Dra. Clara Gonz\u00e1lez de Behringer inaugur\u00f3 oficialmente el curso especializado \u00abDerechos Humanos de las Personas Migrantes\u201d. El evento, realizado el 27 y 28 de agosto de 2026, cont\u00f3 con la participaci\u00f3n de 30 participantes. Esta capacitaci\u00f3n interinstitucional cont\u00f3 con [&hellip;]<\/p>\n","protected":false},"author":6,"featured_media":987503755,"comment_status":"closed","ping_status":"open","sticky":false,"template":"","format":"standard","meta":{"_acf_changed":false,"_et_pb_use_builder":"","_et_pb_old_content":"","_et_gb_content_width":"","footnotes":""},"categories":[21],"tags":[],"class_list":["post-987503749","post","type-post","status-publish","format-standard","has-post-thumbnail","hentry","category-noticias"],"acf":[],"_links":{"self":[{"href":"https:\/\/ministeriopublico.gob.pa\/instituto\/wp-json\/wp\/v2\/posts\/987503749","targetHints":{"allow":["GET"]}}],"collection":[{"href":"https:\/\/ministeriopublico.gob.pa\/instituto\/wp-json\/wp\/v2\/posts"}],"about":[{"href":"https:\/\/ministeriopublico.gob.pa\/instituto\/wp-json\/wp\/v2\/types\/post"}],"author":[{"embeddable":true,"href":"https:\/\/ministeriopublico.gob.pa\/instituto\/wp-json\/wp\/v2\/users\/6"}],"replies":[{"embeddable":true,"href":"https:\/\/ministeriopublico.gob.pa\/instituto\/wp-json\/wp\/v2\/comments?post=987503749"}],"version-history":[{"count":2,"href":"https:\/\/ministeriopublico.gob.pa\/instituto\/wp-json\/wp\/v2\/posts\/987503749\/revisions"}],"predecessor-version":[{"id":987503759,"href":"https:\/\/ministeriopublico.gob.pa\/instituto\/wp-json\/wp\/v2\/posts\/987503749\/revisions\/987503759"}],"wp:featuredmedia":[{"embeddable":true,"href":"https:\/\/ministeriopublico.gob.pa\/instituto\/wp-json\/wp\/v2\/media\/987503755"}],"wp:attachment":[{"href":"https:\/\/ministeriopublico.gob.pa\/instituto\/wp-json\/wp\/v2\/media?parent=987503749"}],"wp:term":[{"taxonomy":"category","embeddable":true,"href":"https:\/\/ministeriopublico.gob.pa\/instituto\/wp-json\/wp\/v2\/categories?post=987503749"},{"taxonomy":"post_tag","embeddable":true,"href":"https:\/\/ministeriopublico.gob.pa\/instituto\/wp-json\/wp\/v2\/tags?post=987503749"}],"curies":[{"name":"wp","href":"https:\/\/api.w.org\/{rel}","templated":true}]}}