{"id":987503718,"date":"2026-08-31T14:34:23","date_gmt":"2026-08-31T19:34:23","guid":{"rendered":"https:\/\/ministeriopublico.gob.pa\/instituto\/?p=987503718"},"modified":"2026-09-02T08:41:23","modified_gmt":"2026-09-02T13:41:23","slug":"upavit-colon-desarrolla-jornada-de-prevencion-del-abuso-sexual","status":"publish","type":"post","link":"https:\/\/ministeriopublico.gob.pa\/instituto\/noticias\/upavit-colon-desarrolla-jornada-de-prevencion-del-abuso-sexual\/","title":{"rendered":"UPAVIT Cocl\u00e9 y UPAVIT Veraguas fortalecen capacidades en Primeros Auxilios Psicol\u00f3gicos"},"content":{"rendered":"<style type=\"text\/css\">\n#foogallery-gallery-987503739 .fg-image { width: 640px; }<\/style>\n\t\t\t<div class=\"foogallery foogallery-container foogallery-image-viewer foogallery-link-image foogallery-lightbox-foogallery fg-center fg-image-viewer fg-ready fg-light fg-border-thin fg-round-small fg-shadow-outline fg-shadow-inset-large fg-loading-default fg-loaded-fade-in fg-hover-semi-zoomed fg-caption-always fg-hover-fade fg-hover-plus3\" id=\"foogallery-gallery-987503739\" data-foogallery=\"{&quot;panel&quot;:{&quot;buttons&quot;:{&quot;download&quot;:false}},&quot;item&quot;:{&quot;showCaptionTitle&quot;:true,&quot;showCaptionDescription&quot;:true},&quot;lazy&quot;:true,&quot;src&quot;:&quot;src&quot;,&quot;srcset&quot;:&quot;srcset&quot;,&quot;template&quot;:{&quot;loop&quot;:true,&quot;autoplay&quot;:0}}\" data-foogallery-lightbox=\"{&quot;thumbs&quot;:&quot;bottom&quot;,&quot;thumbsCaptions&quot;:false,&quot;thumbsBestFit&quot;:false,&quot;thumbsSmall&quot;:false,&quot;thumbsCaptionsAlign&quot;:&quot;default&quot;,&quot;info&quot;:&quot;bottom&quot;,&quot;infoVisible&quot;:true,&quot;infoOverlay&quot;:true,&quot;infoAlign&quot;:&quot;default&quot;,&quot;transition&quot;:&quot;fade&quot;,&quot;hoverButtons&quot;:false,&quot;fitMedia&quot;:false,&quot;noScrollbars&quot;:true,&quot;preserveButtonSpace&quot;:true,&quot;buttons&quot;:{&quot;fullscreen&quot;:true,&quot;info&quot;:true,&quot;thumbs&quot;:false,&quot;download&quot;:false},&quot;video&quot;:{&quot;autoPlay&quot;:true}}\" style=\"--fg-title-line-clamp: 1; --fg-description-line-clamp: 2;\" >\n\t<div class=\"fiv-inner\">\n\t\t<div class=\"fiv-inner-container\">\n\t\t\t<div class=\"fg-item fg-type-image fg-loading\"><figure class=\"fg-item-inner\"><a href=\"https:\/\/ministeriopublico.gob.pa\/instituto\/wp-content\/uploads\/2026\/09\/PAP-1.jpg\" data-attachment-id=\"987503740\" data-type=\"image\" class=\"fg-thumb\"><span class=\"fg-image-wrap\"><img src=\"https:\/\/ministeriopublico.gob.pa\/instituto\/wp-content\/uploads\/cache\/2026\/09\/PAP-1\/1052371450.jpg\" width=\"640\" height=\"360\" class=\"skip-lazy fg-image\" decoding=\"async\" loading=\"lazy\"><\/span><span class=\"fg-image-overlay\"><\/span><\/a><\/figure><div class=\"fg-loader\"><\/div><\/div><div class=\"fg-item fg-type-image fg-loading\"><figure class=\"fg-item-inner\"><a href=\"https:\/\/ministeriopublico.gob.pa\/instituto\/wp-content\/uploads\/2026\/09\/PAP-2.jpg\" data-attachment-id=\"987503741\" data-type=\"image\" class=\"fg-thumb\"><span class=\"fg-image-wrap\"><img src=\"https:\/\/ministeriopublico.gob.pa\/instituto\/wp-content\/uploads\/cache\/2026\/09\/PAP-2\/3564255421.jpg\" width=\"640\" height=\"360\" class=\"skip-lazy fg-image\" decoding=\"async\" loading=\"lazy\"><\/span><span class=\"fg-image-overlay\"><\/span><\/a><\/figure><div class=\"fg-loader\"><\/div><\/div><div class=\"fg-item fg-type-image fg-loading\"><figure class=\"fg-item-inner\"><a href=\"https:\/\/ministeriopublico.gob.pa\/instituto\/wp-content\/uploads\/2026\/09\/PAP-3.jpg\" data-attachment-id=\"987503742\" data-type=\"image\" class=\"fg-thumb\"><span class=\"fg-image-wrap\"><img src=\"https:\/\/ministeriopublico.gob.pa\/instituto\/wp-content\/uploads\/cache\/2026\/09\/PAP-3\/3021292495.jpg\" width=\"640\" height=\"360\" class=\"skip-lazy fg-image\" decoding=\"async\" loading=\"lazy\"><\/span><span class=\"fg-image-overlay\"><\/span><\/a><\/figure><div class=\"fg-loader\"><\/div><\/div><div class=\"fg-item fg-type-image fg-loading\"><figure class=\"fg-item-inner\"><a href=\"https:\/\/ministeriopublico.gob.pa\/instituto\/wp-content\/uploads\/2026\/09\/PAP-4.jpg\" data-attachment-id=\"987503743\" data-type=\"image\" class=\"fg-thumb\"><span class=\"fg-image-wrap\"><img src=\"https:\/\/ministeriopublico.gob.pa\/instituto\/wp-content\/uploads\/cache\/2026\/09\/PAP-4\/3667172466.jpg\" width=\"640\" height=\"360\" class=\"skip-lazy fg-image\" decoding=\"async\" loading=\"lazy\"><\/span><span class=\"fg-image-overlay\"><\/span><\/a><\/figure><div class=\"fg-loader\"><\/div><\/div><div class=\"fg-item fg-type-image fg-loading\"><figure class=\"fg-item-inner\"><a href=\"https:\/\/ministeriopublico.gob.pa\/instituto\/wp-content\/uploads\/2026\/09\/PAP-5-e1788356448743.jpg\" data-attachment-id=\"987503744\" data-type=\"image\" class=\"fg-thumb\"><span class=\"fg-image-wrap\"><img src=\"https:\/\/ministeriopublico.gob.pa\/instituto\/wp-content\/uploads\/cache\/2026\/09\/PAP-5-e1788356448743\/3392155897.jpg\" width=\"640\" height=\"360\" class=\"skip-lazy fg-image\" decoding=\"async\" loading=\"lazy\"><\/span><span class=\"fg-image-overlay\"><\/span><\/a><\/figure><div class=\"fg-loader\"><\/div><\/div><div class=\"fg-item fg-type-image fg-loading\"><figure class=\"fg-item-inner\"><a href=\"https:\/\/ministeriopublico.gob.pa\/instituto\/wp-content\/uploads\/2026\/09\/PAP-6.jpg\" data-attachment-id=\"987503745\" data-type=\"image\" class=\"fg-thumb\"><span class=\"fg-image-wrap\"><img src=\"https:\/\/ministeriopublico.gob.pa\/instituto\/wp-content\/uploads\/cache\/2026\/09\/PAP-6\/442133142.jpg\" width=\"640\" height=\"360\" class=\"skip-lazy fg-image\" decoding=\"async\" loading=\"lazy\"><\/span><span class=\"fg-image-overlay\"><\/span><\/a><\/figure><div class=\"fg-loader\"><\/div><\/div><div class=\"fg-item fg-type-image fg-loading\"><figure class=\"fg-item-inner\"><a href=\"https:\/\/ministeriopublico.gob.pa\/instituto\/wp-content\/uploads\/2026\/09\/PAP-7.jpg\" data-attachment-id=\"987503746\" data-type=\"image\" class=\"fg-thumb\"><span class=\"fg-image-wrap\"><img src=\"https:\/\/ministeriopublico.gob.pa\/instituto\/wp-content\/uploads\/cache\/2026\/09\/PAP-7\/2050822628.jpg\" width=\"640\" height=\"360\" class=\"skip-lazy fg-image\" decoding=\"async\" loading=\"lazy\"><\/span><span class=\"fg-image-overlay\"><\/span><\/a><\/figure><div class=\"fg-loader\"><\/div><\/div>\t\t<\/div>\n\t\t<div class=\"fiv-ctrls\">\n\t\t\t<button type=\"button\" class=\"fiv-prev\" title=\"Anterior\"><span>Anterior<\/span><\/button>\n\t\t\t<label class=\"fiv-count\"><span class=\"fiv-count-current\">1<\/span>de<span class=\"fiv-count-total\">7<\/span><\/label>\n\t\t\t<button type=\"button\" class=\"fiv-next\" title=\"Siguiente\"><span>Siguiente<\/span><\/button>\n\t\t<\/div>\n\t<\/div>\n<\/div>\n\n<p>Bajo los lineamientos de <strong>SEPROVIT<\/strong>, las <strong>UPAVIT Cocl\u00e9 y UPAVIT Veraguas<\/strong> realizaron los d\u00edas <strong>25 y 26 de agosto de 2026<\/strong> una jornada de capacitaci\u00f3n en <strong>Primeros Auxilios Psicol\u00f3gicos, contenci\u00f3n en crisis, trauma vicario y autocuidado<\/strong>, dirigida a profesionales del Segundo Distrito Judicial y de las Fiscal\u00edas Regionales de Cocl\u00e9 y Veraguas.<\/p>\n<p>La actividad cont\u00f3 con la participaci\u00f3n de <strong>28 funcionarios<\/strong>, quienes fortalecieron sus conocimientos y herramientas para brindar una atenci\u00f3n <strong>oportuna, emp\u00e1tica y humanizada<\/strong> a v\u00edctimas y testigos en situaciones de crisis.<\/p>\n<p>Mediante una metodolog\u00eda <strong>participativa y vivencial<\/strong>, se desarrollaron din\u00e1micas, an\u00e1lisis de casos y ejercicios de <em>role playing<\/em>, orientados al manejo de emociones, escucha activa, estabilizaci\u00f3n, manejo de la ansiedad y prevenci\u00f3n de la revictimizaci\u00f3n, considerando las caracter\u00edsticas y niveles de vulnerabilidad de cada persona.<\/p>\n<p>Asimismo, se abord\u00f3 el <strong>trauma vicario y la importancia del autocuidado profesional<\/strong>, promoviendo t\u00e9cnicas de respiraci\u00f3n, relajaci\u00f3n y autorregulaci\u00f3n emocional, as\u00ed como h\u00e1bitos saludables para prevenir el desgaste asociado a la atenci\u00f3n de casos cr\u00edticos.<\/p>\n<p>La jornada tambi\u00e9n permiti\u00f3 fortalecer la <strong>integraci\u00f3n, confianza y trabajo en equipo<\/strong> entre los profesionales de ambas provincias, culminando con una plenaria de reflexi\u00f3n sobre los aprendizajes y compromisos adquiridos.<\/p>\n<p>Con esta iniciativa, <strong>UPAVIT Cocl\u00e9 y UPAVIT Veraguas<\/strong>, contribuyen al fortalecimiento de las competencias del personal y a una atenci\u00f3n especializada, digna y con enfoque diferencial para v\u00edctimas y testigos.<\/p>\n","protected":false},"excerpt":{"rendered":"<p>Bajo los lineamientos de SEPROVIT, las UPAVIT Cocl\u00e9 y UPAVIT Veraguas realizaron los d\u00edas 25 y 26 de agosto de 2026 una jornada de capacitaci\u00f3n en Primeros Auxilios Psicol\u00f3gicos, contenci\u00f3n en crisis, trauma vicario y autocuidado, dirigida a profesionales del Segundo Distrito Judicial y de las Fiscal\u00edas Regionales de Cocl\u00e9 y Veraguas. La actividad cont\u00f3 [&hellip;]<\/p>\n","protected":false},"author":6,"featured_media":987503740,"comment_status":"closed","ping_status":"open","sticky":false,"template":"","format":"standard","meta":{"_acf_changed":false,"_et_pb_use_builder":"","_et_pb_old_content":"","_et_gb_content_width":"","footnotes":""},"categories":[21],"tags":[],"class_list":["post-987503718","post","type-post","status-publish","format-standard","has-post-thumbnail","hentry","category-noticias"],"acf":[],"_links":{"self":[{"href":"https:\/\/ministeriopublico.gob.pa\/instituto\/wp-json\/wp\/v2\/posts\/987503718","targetHints":{"allow":["GET"]}}],"collection":[{"href":"https:\/\/ministeriopublico.gob.pa\/instituto\/wp-json\/wp\/v2\/posts"}],"about":[{"href":"https:\/\/ministeriopublico.gob.pa\/instituto\/wp-json\/wp\/v2\/types\/post"}],"author":[{"embeddable":true,"href":"https:\/\/ministeriopublico.gob.pa\/instituto\/wp-json\/wp\/v2\/users\/6"}],"replies":[{"embeddable":true,"href":"https:\/\/ministeriopublico.gob.pa\/instituto\/wp-json\/wp\/v2\/comments?post=987503718"}],"version-history":[{"count":5,"href":"https:\/\/ministeriopublico.gob.pa\/instituto\/wp-json\/wp\/v2\/posts\/987503718\/revisions"}],"predecessor-version":[{"id":987503748,"href":"https:\/\/ministeriopublico.gob.pa\/instituto\/wp-json\/wp\/v2\/posts\/987503718\/revisions\/987503748"}],"wp:featuredmedia":[{"embeddable":true,"href":"https:\/\/ministeriopublico.gob.pa\/instituto\/wp-json\/wp\/v2\/media\/987503740"}],"wp:attachment":[{"href":"https:\/\/ministeriopublico.gob.pa\/instituto\/wp-json\/wp\/v2\/media?parent=987503718"}],"wp:term":[{"taxonomy":"category","embeddable":true,"href":"https:\/\/ministeriopublico.gob.pa\/instituto\/wp-json\/wp\/v2\/categories?post=987503718"},{"taxonomy":"post_tag","embeddable":true,"href":"https:\/\/ministeriopublico.gob.pa\/instituto\/wp-json\/wp\/v2\/tags?post=987503718"}],"curies":[{"name":"wp","href":"https:\/\/api.w.org\/{rel}","templated":true}]}}