{"id":987503714,"date":"2026-08-31T14:28:38","date_gmt":"2026-08-31T19:28:38","guid":{"rendered":"https:\/\/ministeriopublico.gob.pa\/instituto\/?p=987503714"},"modified":"2026-08-31T14:28:51","modified_gmt":"2026-08-31T19:28:51","slug":"acuerdos-de-pena-y-acuerdos-de-colaboracion","status":"publish","type":"post","link":"https:\/\/ministeriopublico.gob.pa\/instituto\/noticias\/acuerdos-de-pena-y-acuerdos-de-colaboracion\/","title":{"rendered":"Acuerdos de pena y acuerdos de colaboraci\u00f3n"},"content":{"rendered":"<style type=\"text\/css\">\n#foogallery-gallery-987503692 .fg-image { width: 640px; }<\/style>\n\t\t\t<div class=\"foogallery foogallery-container foogallery-image-viewer foogallery-link-image foogallery-lightbox-foogallery fg-center fg-image-viewer fg-ready fg-light fg-border-thin fg-round-small fg-shadow-outline fg-shadow-inset-large fg-loading-default fg-loaded-fade-in fg-hover-semi-zoomed fg-caption-always fg-hover-fade fg-hover-plus3\" id=\"foogallery-gallery-987503692\" data-foogallery=\"{&quot;panel&quot;:{&quot;buttons&quot;:{&quot;download&quot;:false}},&quot;item&quot;:{&quot;showCaptionTitle&quot;:true,&quot;showCaptionDescription&quot;:true},&quot;lazy&quot;:true,&quot;src&quot;:&quot;src&quot;,&quot;srcset&quot;:&quot;srcset&quot;,&quot;template&quot;:{&quot;loop&quot;:true,&quot;autoplay&quot;:0}}\" data-foogallery-lightbox=\"{&quot;thumbs&quot;:&quot;bottom&quot;,&quot;thumbsCaptions&quot;:false,&quot;thumbsBestFit&quot;:false,&quot;thumbsSmall&quot;:false,&quot;thumbsCaptionsAlign&quot;:&quot;default&quot;,&quot;info&quot;:&quot;bottom&quot;,&quot;infoVisible&quot;:true,&quot;infoOverlay&quot;:true,&quot;infoAlign&quot;:&quot;default&quot;,&quot;transition&quot;:&quot;fade&quot;,&quot;hoverButtons&quot;:false,&quot;fitMedia&quot;:false,&quot;noScrollbars&quot;:true,&quot;preserveButtonSpace&quot;:true,&quot;buttons&quot;:{&quot;fullscreen&quot;:true,&quot;info&quot;:true,&quot;thumbs&quot;:false,&quot;download&quot;:false},&quot;video&quot;:{&quot;autoPlay&quot;:true}}\" style=\"--fg-title-line-clamp: 1; --fg-description-line-clamp: 2;\" >\n\t<div class=\"fiv-inner\">\n\t\t<div class=\"fiv-inner-container\">\n\t\t\t<div class=\"fg-item fg-type-image fg-loading\"><figure class=\"fg-item-inner\"><a href=\"https:\/\/ministeriopublico.gob.pa\/instituto\/wp-content\/uploads\/2026\/08\/WhatsApp-Image-2026-08-31-at-10.10.17-AM-1.jpeg\" data-attachment-id=\"987503712\" data-type=\"image\" class=\"fg-thumb\"><span class=\"fg-image-wrap\"><img src=\"https:\/\/ministeriopublico.gob.pa\/instituto\/wp-content\/uploads\/cache\/2026\/08\/WhatsApp-Image-2026-08-31-at-10_10_17-AM-1\/430037339.jpeg\" width=\"640\" height=\"360\" class=\"skip-lazy fg-image\" decoding=\"async\" loading=\"lazy\"><\/span><span class=\"fg-image-overlay\"><\/span><\/a><\/figure><div class=\"fg-loader\"><\/div><\/div><div class=\"fg-item fg-type-image fg-loading\"><figure class=\"fg-item-inner\"><a href=\"https:\/\/ministeriopublico.gob.pa\/instituto\/wp-content\/uploads\/2026\/08\/WhatsApp-Image-2026-08-31-at-10.10.10-AM-1.jpeg\" data-attachment-id=\"987503693\" data-type=\"image\" class=\"fg-thumb\"><span class=\"fg-image-wrap\"><img src=\"https:\/\/ministeriopublico.gob.pa\/instituto\/wp-content\/uploads\/cache\/2026\/08\/WhatsApp-Image-2026-08-31-at-10_10_10-AM-1\/476098117.jpeg\" width=\"640\" height=\"360\" class=\"skip-lazy fg-image\" decoding=\"async\" loading=\"lazy\"><\/span><span class=\"fg-image-overlay\"><\/span><\/a><\/figure><div class=\"fg-loader\"><\/div><\/div><div class=\"fg-item fg-type-image fg-loading\"><figure class=\"fg-item-inner\"><a href=\"https:\/\/ministeriopublico.gob.pa\/instituto\/wp-content\/uploads\/2026\/08\/WhatsApp-Image-2026-08-31-at-10.10.10-AM-2.jpeg\" data-attachment-id=\"987503694\" data-type=\"image\" class=\"fg-thumb\"><span class=\"fg-image-wrap\"><img src=\"https:\/\/ministeriopublico.gob.pa\/instituto\/wp-content\/uploads\/cache\/2026\/08\/WhatsApp-Image-2026-08-31-at-10_10_10-AM-2\/1183727013.jpeg\" width=\"640\" height=\"360\" class=\"skip-lazy fg-image\" decoding=\"async\" loading=\"lazy\"><\/span><span class=\"fg-image-overlay\"><\/span><\/a><\/figure><div class=\"fg-loader\"><\/div><\/div><div class=\"fg-item fg-type-image fg-loading\"><figure class=\"fg-item-inner\"><a href=\"https:\/\/ministeriopublico.gob.pa\/instituto\/wp-content\/uploads\/2026\/08\/WhatsApp-Image-2026-08-31-at-10.10.10-AM-3.jpeg\" data-attachment-id=\"987503695\" data-type=\"image\" class=\"fg-thumb\"><span class=\"fg-image-wrap\"><img src=\"https:\/\/ministeriopublico.gob.pa\/instituto\/wp-content\/uploads\/cache\/2026\/08\/WhatsApp-Image-2026-08-31-at-10_10_10-AM-3\/3450737159.jpeg\" width=\"640\" height=\"360\" class=\"skip-lazy fg-image\" decoding=\"async\" loading=\"lazy\"><\/span><span class=\"fg-image-overlay\"><\/span><\/a><\/figure><div class=\"fg-loader\"><\/div><\/div><div class=\"fg-item fg-type-image fg-loading\"><figure class=\"fg-item-inner\"><a href=\"https:\/\/ministeriopublico.gob.pa\/instituto\/wp-content\/uploads\/2026\/08\/WhatsApp-Image-2026-08-31-at-10.10.10-AM-4.jpeg\" data-attachment-id=\"987503696\" data-type=\"image\" class=\"fg-thumb\"><span class=\"fg-image-wrap\"><img src=\"https:\/\/ministeriopublico.gob.pa\/instituto\/wp-content\/uploads\/cache\/2026\/08\/WhatsApp-Image-2026-08-31-at-10_10_10-AM-4\/3595777452.jpeg\" width=\"640\" height=\"360\" class=\"skip-lazy fg-image\" decoding=\"async\" loading=\"lazy\"><\/span><span class=\"fg-image-overlay\"><\/span><\/a><\/figure><div class=\"fg-loader\"><\/div><\/div><div class=\"fg-item fg-type-image fg-loading\"><figure class=\"fg-item-inner\"><a href=\"https:\/\/ministeriopublico.gob.pa\/instituto\/wp-content\/uploads\/2026\/08\/WhatsApp-Image-2026-08-31-at-10.10.10-AM-5.jpeg\" data-attachment-id=\"987503697\" data-type=\"image\" class=\"fg-thumb\"><span class=\"fg-image-wrap\"><img src=\"https:\/\/ministeriopublico.gob.pa\/instituto\/wp-content\/uploads\/cache\/2026\/08\/WhatsApp-Image-2026-08-31-at-10_10_10-AM-5\/1567824398.jpeg\" width=\"640\" height=\"360\" class=\"skip-lazy fg-image\" decoding=\"async\" loading=\"lazy\"><\/span><span class=\"fg-image-overlay\"><\/span><\/a><\/figure><div class=\"fg-loader\"><\/div><\/div><div class=\"fg-item fg-type-image fg-loading\"><figure class=\"fg-item-inner\"><a href=\"https:\/\/ministeriopublico.gob.pa\/instituto\/wp-content\/uploads\/2026\/08\/WhatsApp-Image-2026-08-31-at-10.10.11-AM-2.jpeg\" data-attachment-id=\"987503698\" data-type=\"image\" class=\"fg-thumb\"><span class=\"fg-image-wrap\"><img src=\"https:\/\/ministeriopublico.gob.pa\/instituto\/wp-content\/uploads\/cache\/2026\/08\/WhatsApp-Image-2026-08-31-at-10_10_11-AM-2\/4269929242.jpeg\" width=\"640\" height=\"360\" class=\"skip-lazy fg-image\" decoding=\"async\" loading=\"lazy\"><\/span><span class=\"fg-image-overlay\"><\/span><\/a><\/figure><div class=\"fg-loader\"><\/div><\/div><div class=\"fg-item fg-type-image fg-loading\"><figure class=\"fg-item-inner\"><a href=\"https:\/\/ministeriopublico.gob.pa\/instituto\/wp-content\/uploads\/2026\/08\/WhatsApp-Image-2026-08-31-at-10.10.11-AM-3.jpeg\" data-attachment-id=\"987503699\" data-type=\"image\" class=\"fg-thumb\"><span class=\"fg-image-wrap\"><img src=\"https:\/\/ministeriopublico.gob.pa\/instituto\/wp-content\/uploads\/cache\/2026\/08\/WhatsApp-Image-2026-08-31-at-10_10_11-AM-3\/1973542072.jpeg\" width=\"640\" height=\"360\" class=\"skip-lazy fg-image\" decoding=\"async\" loading=\"lazy\"><\/span><span class=\"fg-image-overlay\"><\/span><\/a><\/figure><div class=\"fg-loader\"><\/div><\/div><div class=\"fg-item fg-type-image fg-loading\"><figure class=\"fg-item-inner\"><a href=\"https:\/\/ministeriopublico.gob.pa\/instituto\/wp-content\/uploads\/2026\/08\/WhatsApp-Image-2026-08-31-at-10.10.11-AM-4.jpeg\" data-attachment-id=\"987503700\" data-type=\"image\" class=\"fg-thumb\"><span class=\"fg-image-wrap\"><img src=\"https:\/\/ministeriopublico.gob.pa\/instituto\/wp-content\/uploads\/cache\/2026\/08\/WhatsApp-Image-2026-08-31-at-10_10_11-AM-4\/2678206452.jpeg\" width=\"640\" height=\"360\" class=\"skip-lazy fg-image\" decoding=\"async\" loading=\"lazy\"><\/span><span class=\"fg-image-overlay\"><\/span><\/a><\/figure><div class=\"fg-loader\"><\/div><\/div><div class=\"fg-item fg-type-image fg-loading\"><figure class=\"fg-item-inner\"><a href=\"https:\/\/ministeriopublico.gob.pa\/instituto\/wp-content\/uploads\/2026\/08\/WhatsApp-Image-2026-08-31-at-10.10.11-AM-6.jpeg\" data-attachment-id=\"987503701\" data-type=\"image\" class=\"fg-thumb\"><span class=\"fg-image-wrap\"><img src=\"https:\/\/ministeriopublico.gob.pa\/instituto\/wp-content\/uploads\/cache\/2026\/08\/WhatsApp-Image-2026-08-31-at-10_10_11-AM-6\/755973267.jpeg\" width=\"640\" height=\"360\" class=\"skip-lazy fg-image\" decoding=\"async\" loading=\"lazy\"><\/span><span class=\"fg-image-overlay\"><\/span><\/a><\/figure><div class=\"fg-loader\"><\/div><\/div><div class=\"fg-item fg-type-image fg-loading\"><figure class=\"fg-item-inner\"><a href=\"https:\/\/ministeriopublico.gob.pa\/instituto\/wp-content\/uploads\/2026\/08\/WhatsApp-Image-2026-08-31-at-10.10.11-AM.jpeg\" data-attachment-id=\"987503702\" data-type=\"image\" class=\"fg-thumb\"><span class=\"fg-image-wrap\"><img src=\"https:\/\/ministeriopublico.gob.pa\/instituto\/wp-content\/uploads\/cache\/2026\/08\/WhatsApp-Image-2026-08-31-at-10_10_11-AM\/419914144.jpeg\" width=\"640\" height=\"360\" class=\"skip-lazy fg-image\" decoding=\"async\" loading=\"lazy\"><\/span><span class=\"fg-image-overlay\"><\/span><\/a><\/figure><div class=\"fg-loader\"><\/div><\/div><div class=\"fg-item fg-type-image fg-loading\"><figure class=\"fg-item-inner\"><a href=\"https:\/\/ministeriopublico.gob.pa\/instituto\/wp-content\/uploads\/2026\/08\/WhatsApp-Image-2026-08-31-at-10.10.12-AM.jpeg\" data-attachment-id=\"987503703\" data-type=\"image\" class=\"fg-thumb\"><span class=\"fg-image-wrap\"><img src=\"https:\/\/ministeriopublico.gob.pa\/instituto\/wp-content\/uploads\/cache\/2026\/08\/WhatsApp-Image-2026-08-31-at-10_10_12-AM\/993214947.jpeg\" width=\"640\" height=\"360\" class=\"skip-lazy fg-image\" decoding=\"async\" loading=\"lazy\"><\/span><span class=\"fg-image-overlay\"><\/span><\/a><\/figure><div class=\"fg-loader\"><\/div><\/div><div class=\"fg-item fg-type-image fg-loading\"><figure class=\"fg-item-inner\"><a href=\"https:\/\/ministeriopublico.gob.pa\/instituto\/wp-content\/uploads\/2026\/08\/WhatsApp-Image-2026-08-31-at-10.10.13-AM.jpeg\" data-attachment-id=\"987503704\" data-type=\"image\" class=\"fg-thumb\"><span class=\"fg-image-wrap\"><img src=\"https:\/\/ministeriopublico.gob.pa\/instituto\/wp-content\/uploads\/cache\/2026\/08\/WhatsApp-Image-2026-08-31-at-10_10_13-AM\/3551778516.jpeg\" width=\"640\" height=\"360\" class=\"skip-lazy fg-image\" decoding=\"async\" loading=\"lazy\"><\/span><span class=\"fg-image-overlay\"><\/span><\/a><\/figure><div class=\"fg-loader\"><\/div><\/div><div class=\"fg-item fg-type-image fg-loading\"><figure class=\"fg-item-inner\"><a href=\"https:\/\/ministeriopublico.gob.pa\/instituto\/wp-content\/uploads\/2026\/08\/WhatsApp-Image-2026-08-31-at-10.10.14-AM-1.jpeg\" data-attachment-id=\"987503705\" data-type=\"image\" class=\"fg-thumb\"><span class=\"fg-image-wrap\"><img src=\"https:\/\/ministeriopublico.gob.pa\/instituto\/wp-content\/uploads\/cache\/2026\/08\/WhatsApp-Image-2026-08-31-at-10_10_14-AM-1\/3509770864.jpeg\" width=\"640\" height=\"360\" class=\"skip-lazy fg-image\" decoding=\"async\" loading=\"lazy\"><\/span><span class=\"fg-image-overlay\"><\/span><\/a><\/figure><div class=\"fg-loader\"><\/div><\/div><div class=\"fg-item fg-type-image fg-loading\"><figure class=\"fg-item-inner\"><a href=\"https:\/\/ministeriopublico.gob.pa\/instituto\/wp-content\/uploads\/2026\/08\/WhatsApp-Image-2026-08-31-at-10.10.14-AM.jpeg\" data-attachment-id=\"987503706\" data-type=\"image\" class=\"fg-thumb\"><span class=\"fg-image-wrap\"><img src=\"https:\/\/ministeriopublico.gob.pa\/instituto\/wp-content\/uploads\/cache\/2026\/08\/WhatsApp-Image-2026-08-31-at-10_10_14-AM\/209639997.jpeg\" width=\"640\" height=\"360\" class=\"skip-lazy fg-image\" decoding=\"async\" loading=\"lazy\"><\/span><span class=\"fg-image-overlay\"><\/span><\/a><\/figure><div class=\"fg-loader\"><\/div><\/div><div class=\"fg-item fg-type-image fg-loading\"><figure class=\"fg-item-inner\"><a href=\"https:\/\/ministeriopublico.gob.pa\/instituto\/wp-content\/uploads\/2026\/08\/WhatsApp-Image-2026-08-31-at-10.10.15-AM-2.jpeg\" data-attachment-id=\"987503707\" data-type=\"image\" class=\"fg-thumb\"><span class=\"fg-image-wrap\"><img src=\"https:\/\/ministeriopublico.gob.pa\/instituto\/wp-content\/uploads\/cache\/2026\/08\/WhatsApp-Image-2026-08-31-at-10_10_15-AM-2\/2524411456.jpeg\" width=\"640\" height=\"360\" class=\"skip-lazy fg-image\" decoding=\"async\" loading=\"lazy\"><\/span><span class=\"fg-image-overlay\"><\/span><\/a><\/figure><div class=\"fg-loader\"><\/div><\/div><div class=\"fg-item fg-type-image fg-loading\"><figure class=\"fg-item-inner\"><a href=\"https:\/\/ministeriopublico.gob.pa\/instituto\/wp-content\/uploads\/2026\/08\/WhatsApp-Image-2026-08-31-at-10.10.15-AM-3-e1788204484653.jpeg\" data-attachment-id=\"987503708\" data-type=\"image\" class=\"fg-thumb\"><span class=\"fg-image-wrap\"><img src=\"https:\/\/ministeriopublico.gob.pa\/instituto\/wp-content\/uploads\/cache\/2026\/08\/WhatsApp-Image-2026-08-31-at-10_10_15-AM-3-e1788204484653\/2681384496.jpeg\" width=\"640\" height=\"360\" class=\"skip-lazy fg-image\" decoding=\"async\" loading=\"lazy\"><\/span><span class=\"fg-image-overlay\"><\/span><\/a><\/figure><div class=\"fg-loader\"><\/div><\/div><div class=\"fg-item fg-type-image fg-loading\"><figure class=\"fg-item-inner\"><a href=\"https:\/\/ministeriopublico.gob.pa\/instituto\/wp-content\/uploads\/2026\/08\/WhatsApp-Image-2026-08-31-at-10.10.15-AM-4.jpeg\" data-attachment-id=\"987503709\" data-type=\"image\" class=\"fg-thumb\"><span class=\"fg-image-wrap\"><img src=\"https:\/\/ministeriopublico.gob.pa\/instituto\/wp-content\/uploads\/cache\/2026\/08\/WhatsApp-Image-2026-08-31-at-10_10_15-AM-4\/598364544.jpeg\" width=\"640\" height=\"360\" class=\"skip-lazy fg-image\" decoding=\"async\" loading=\"lazy\"><\/span><span class=\"fg-image-overlay\"><\/span><\/a><\/figure><div class=\"fg-loader\"><\/div><\/div><div class=\"fg-item fg-type-image fg-loading\"><figure class=\"fg-item-inner\"><a href=\"https:\/\/ministeriopublico.gob.pa\/instituto\/wp-content\/uploads\/2026\/08\/WhatsApp-Image-2026-08-31-at-10.10.16-AM-2.jpeg\" data-attachment-id=\"987503710\" data-type=\"image\" class=\"fg-thumb\"><span class=\"fg-image-wrap\"><img src=\"https:\/\/ministeriopublico.gob.pa\/instituto\/wp-content\/uploads\/cache\/2026\/08\/WhatsApp-Image-2026-08-31-at-10_10_16-AM-2\/1592030571.jpeg\" width=\"640\" height=\"360\" class=\"skip-lazy fg-image\" decoding=\"async\" loading=\"lazy\"><\/span><span class=\"fg-image-overlay\"><\/span><\/a><\/figure><div class=\"fg-loader\"><\/div><\/div><div class=\"fg-item fg-type-image fg-loading\"><figure class=\"fg-item-inner\"><a href=\"https:\/\/ministeriopublico.gob.pa\/instituto\/wp-content\/uploads\/2026\/08\/WhatsApp-Image-2026-08-31-at-10.10.16-AM-3.jpeg\" data-attachment-id=\"987503711\" data-type=\"image\" class=\"fg-thumb\"><span class=\"fg-image-wrap\"><img src=\"https:\/\/ministeriopublico.gob.pa\/instituto\/wp-content\/uploads\/cache\/2026\/08\/WhatsApp-Image-2026-08-31-at-10_10_16-AM-3\/3586415305.jpeg\" width=\"640\" height=\"360\" class=\"skip-lazy fg-image\" decoding=\"async\" loading=\"lazy\"><\/span><span class=\"fg-image-overlay\"><\/span><\/a><\/figure><div class=\"fg-loader\"><\/div><\/div>\t\t<\/div>\n\t\t<div class=\"fiv-ctrls\">\n\t\t\t<button type=\"button\" class=\"fiv-prev\" title=\"Anterior\"><span>Anterior<\/span><\/button>\n\t\t\t<label class=\"fiv-count\"><span class=\"fiv-count-current\">1<\/span>de<span class=\"fiv-count-total\">20<\/span><\/label>\n\t\t\t<button type=\"button\" class=\"fiv-next\" title=\"Siguiente\"><span>Siguiente<\/span><\/button>\n\t\t<\/div>\n\t<\/div>\n<\/div>\n\n<p style=\"text-align: justify;\">El Instituto Superior de Formaci\u00f3n de Fiscales del Ministerio P\u00fablico de Panam\u00e1 \u201cDra. Clara Gonz\u00e1lez de Behringer\u201d desarroll\u00f3, los d\u00edas <strong>25 y 26 de agosto de 2026<\/strong>, la jornada de capacitaci\u00f3n <strong>\u201cAcuerdos de Pena y Acuerdos de Colaboraci\u00f3n\u201d<\/strong>, dirigida a <strong>fiscales<\/strong>.<\/p>\n<p style=\"text-align: justify;\">La jornada cont\u00f3 con la participaci\u00f3n de varios fiscales como facilitadores, entre ellos <strong>Delia A. De Castro D\u00edaz, Fiscal Superior, Directora del Instituto Superior de Formaci\u00f3n de Fiscales y Secretaria de Pol\u00edtica de Persecuci\u00f3n Penal<\/strong>, quien estuvo a cargo del cine debate, una metodolog\u00eda que permiti\u00f3 analizar situaciones relacionadas con la negociaci\u00f3n, la aceptaci\u00f3n de responsabilidad y la colaboraci\u00f3n, as\u00ed como identificar elementos vinculados con los acuerdos de pena y los acuerdos de colaboraci\u00f3n.<\/p>\n<p style=\"text-align: justify;\">Posteriormente, se desarroll\u00f3 un <strong>an\u00e1lisis normativo con enfoque pr\u00e1ctico<\/strong>, que permiti\u00f3 a los participantes examinar el momento procesal oportuno para su presentaci\u00f3n y los criterios que deben considerarse para ponderar la sanci\u00f3n.<\/p>\n<p style=\"text-align: justify;\">Entre los contenidos desarrollados se incluyeron la <strong>fundamentaci\u00f3n de los acuerdos de pena<\/strong>, su concepto, finalidad y relevancia en el Sistema Penal Acusatorio; el an\u00e1lisis normativo sobre los delitos a los que aplican, el momento procesal oportuno y los criterios para ponderar la sanci\u00f3n; as\u00ed como aspectos relacionados con la negociaci\u00f3n, la participaci\u00f3n de la v\u00edctima, la reparaci\u00f3n del da\u00f1o y la recuperaci\u00f3n de activos.<\/p>\n<p style=\"text-align: justify;\">Estos contenidos fueron facilitados por los fiscales <strong>Noel Rodr\u00edguez, Adonis Marqu\u00ednez, William Granados, Jania Gonz\u00e1lez y Enrique Chen<\/strong>.<\/p>\n<p style=\"text-align: justify;\">Como parte de la jornada se realizaron <strong>diversos talleres pr\u00e1cticos<\/strong>, orientados al an\u00e1lisis y resoluci\u00f3n de casos, as\u00ed como un taller sobre la aplicaci\u00f3n de la <strong>Gu\u00eda de Actuaci\u00f3n del Ministerio P\u00fablico para los Acuerdos de Pena con la Defensa<\/strong>, con \u00e9nfasis en el procedimiento para su tramitaci\u00f3n, aprobaci\u00f3n, intervenci\u00f3n del Fiscal Superior, participaci\u00f3n de la v\u00edctima y presentaci\u00f3n ante el Juez de Garant\u00edas.<\/p>\n<p style=\"text-align: justify;\">De manera especial, se reforzaron los conocimientos para <strong>aplicar correctamente la gu\u00eda institucional, realizar la dosificaci\u00f3n y el c\u00e1lculo de la pena<\/strong>, y considerar criterios relacionados con la recuperaci\u00f3n de activos il\u00edcitos, procurando que estos mecanismos sean utilizados de forma adecuada y fundamentada.<\/p>\n","protected":false},"excerpt":{"rendered":"<p>El Instituto Superior de Formaci\u00f3n de Fiscales del Ministerio P\u00fablico de Panam\u00e1 \u201cDra. Clara Gonz\u00e1lez de Behringer\u201d desarroll\u00f3, los d\u00edas 25 y 26 de agosto de 2026, la jornada de capacitaci\u00f3n \u201cAcuerdos de Pena y Acuerdos de Colaboraci\u00f3n\u201d, dirigida a fiscales. La jornada cont\u00f3 con la participaci\u00f3n de varios fiscales como facilitadores, entre ellos Delia [&hellip;]<\/p>\n","protected":false},"author":6,"featured_media":987503712,"comment_status":"closed","ping_status":"open","sticky":false,"template":"","format":"standard","meta":{"_acf_changed":false,"_et_pb_use_builder":"","_et_pb_old_content":"","_et_gb_content_width":"","footnotes":""},"categories":[21],"tags":[],"class_list":["post-987503714","post","type-post","status-publish","format-standard","has-post-thumbnail","hentry","category-noticias"],"acf":[],"_links":{"self":[{"href":"https:\/\/ministeriopublico.gob.pa\/instituto\/wp-json\/wp\/v2\/posts\/987503714","targetHints":{"allow":["GET"]}}],"collection":[{"href":"https:\/\/ministeriopublico.gob.pa\/instituto\/wp-json\/wp\/v2\/posts"}],"about":[{"href":"https:\/\/ministeriopublico.gob.pa\/instituto\/wp-json\/wp\/v2\/types\/post"}],"author":[{"embeddable":true,"href":"https:\/\/ministeriopublico.gob.pa\/instituto\/wp-json\/wp\/v2\/users\/6"}],"replies":[{"embeddable":true,"href":"https:\/\/ministeriopublico.gob.pa\/instituto\/wp-json\/wp\/v2\/comments?post=987503714"}],"version-history":[{"count":2,"href":"https:\/\/ministeriopublico.gob.pa\/instituto\/wp-json\/wp\/v2\/posts\/987503714\/revisions"}],"predecessor-version":[{"id":987503716,"href":"https:\/\/ministeriopublico.gob.pa\/instituto\/wp-json\/wp\/v2\/posts\/987503714\/revisions\/987503716"}],"wp:featuredmedia":[{"embeddable":true,"href":"https:\/\/ministeriopublico.gob.pa\/instituto\/wp-json\/wp\/v2\/media\/987503712"}],"wp:attachment":[{"href":"https:\/\/ministeriopublico.gob.pa\/instituto\/wp-json\/wp\/v2\/media?parent=987503714"}],"wp:term":[{"taxonomy":"category","embeddable":true,"href":"https:\/\/ministeriopublico.gob.pa\/instituto\/wp-json\/wp\/v2\/categories?post=987503714"},{"taxonomy":"post_tag","embeddable":true,"href":"https:\/\/ministeriopublico.gob.pa\/instituto\/wp-json\/wp\/v2\/tags?post=987503714"}],"curies":[{"name":"wp","href":"https:\/\/api.w.org\/{rel}","templated":true}]}}