{"id":987503690,"date":"2026-08-31T14:23:07","date_gmt":"2026-08-31T19:23:07","guid":{"rendered":"https:\/\/ministeriopublico.gob.pa\/instituto\/?p=987503690"},"modified":"2026-08-31T14:29:08","modified_gmt":"2026-08-31T19:29:08","slug":"instituto-superior-de-formacion-de-fiscales-fortalece-conocimientos-sobre-delitos-de-lesiones-personales","status":"publish","type":"post","link":"https:\/\/ministeriopublico.gob.pa\/instituto\/noticias\/instituto-superior-de-formacion-de-fiscales-fortalece-conocimientos-sobre-delitos-de-lesiones-personales\/","title":{"rendered":"Instituto Superior de Formaci\u00f3n de Fiscales fortalece conocimientos sobre delitos de lesiones personales"},"content":{"rendered":"<style type=\"text\/css\">\n#foogallery-gallery-987503663 .fg-image { width: 640px; }<\/style>\n\t\t\t<div class=\"foogallery foogallery-container foogallery-image-viewer foogallery-link-image foogallery-lightbox-foogallery fg-center fg-image-viewer fg-ready fg-light fg-border-thin fg-round-small fg-shadow-outline fg-shadow-inset-large fg-loading-default fg-loaded-fade-in fg-hover-semi-zoomed fg-caption-always fg-hover-fade fg-hover-plus3\" id=\"foogallery-gallery-987503663\" data-foogallery=\"{&quot;panel&quot;:{&quot;buttons&quot;:{&quot;download&quot;:false}},&quot;item&quot;:{&quot;showCaptionTitle&quot;:true,&quot;showCaptionDescription&quot;:true},&quot;lazy&quot;:true,&quot;src&quot;:&quot;src&quot;,&quot;srcset&quot;:&quot;srcset&quot;,&quot;template&quot;:{&quot;loop&quot;:true,&quot;autoplay&quot;:0}}\" data-foogallery-lightbox=\"{&quot;thumbs&quot;:&quot;bottom&quot;,&quot;thumbsCaptions&quot;:false,&quot;thumbsBestFit&quot;:false,&quot;thumbsSmall&quot;:false,&quot;thumbsCaptionsAlign&quot;:&quot;default&quot;,&quot;info&quot;:&quot;bottom&quot;,&quot;infoVisible&quot;:true,&quot;infoOverlay&quot;:true,&quot;infoAlign&quot;:&quot;default&quot;,&quot;transition&quot;:&quot;fade&quot;,&quot;hoverButtons&quot;:false,&quot;fitMedia&quot;:false,&quot;noScrollbars&quot;:true,&quot;preserveButtonSpace&quot;:true,&quot;buttons&quot;:{&quot;fullscreen&quot;:true,&quot;info&quot;:true,&quot;thumbs&quot;:false,&quot;download&quot;:false},&quot;video&quot;:{&quot;autoPlay&quot;:true}}\" style=\"--fg-title-line-clamp: 1; --fg-description-line-clamp: 2;\" >\n\t<div class=\"fiv-inner\">\n\t\t<div class=\"fiv-inner-container\">\n\t\t\t<div class=\"fg-item fg-type-image fg-loading\"><figure class=\"fg-item-inner\"><a href=\"https:\/\/ministeriopublico.gob.pa\/instituto\/wp-content\/uploads\/2026\/08\/WhatsApp-Image-2026-08-31-at-8.55.15-AM-5.jpeg\" data-attachment-id=\"987503664\" data-type=\"image\" class=\"fg-thumb\"><span class=\"fg-image-wrap\"><img src=\"https:\/\/ministeriopublico.gob.pa\/instituto\/wp-content\/uploads\/cache\/2026\/08\/WhatsApp-Image-2026-08-31-at-8_55_15-AM-5\/1197308871.jpeg\" width=\"640\" height=\"360\" class=\"skip-lazy fg-image\" decoding=\"async\" loading=\"lazy\"><\/span><span class=\"fg-image-overlay\"><\/span><\/a><\/figure><div class=\"fg-loader\"><\/div><\/div><div class=\"fg-item fg-type-image fg-loading\"><figure class=\"fg-item-inner\"><a href=\"https:\/\/ministeriopublico.gob.pa\/instituto\/wp-content\/uploads\/2026\/08\/WhatsApp-Image-2026-08-31-at-8.54.32-AM-1-e1788204033125.jpeg\" data-attachment-id=\"987503666\" data-type=\"image\" class=\"fg-thumb\"><span class=\"fg-image-wrap\"><img src=\"https:\/\/ministeriopublico.gob.pa\/instituto\/wp-content\/uploads\/cache\/2026\/08\/WhatsApp-Image-2026-08-31-at-8_54_32-AM-1-e1788204033125\/2255859543.jpeg\" width=\"640\" height=\"360\" class=\"skip-lazy fg-image\" decoding=\"async\" loading=\"lazy\"><\/span><span class=\"fg-image-overlay\"><\/span><\/a><\/figure><div class=\"fg-loader\"><\/div><\/div><div class=\"fg-item fg-type-image fg-loading\"><figure class=\"fg-item-inner\"><a href=\"https:\/\/ministeriopublico.gob.pa\/instituto\/wp-content\/uploads\/2026\/08\/WhatsApp-Image-2026-08-31-at-8.54.32-AM-2-e1788204055237.jpeg\" data-attachment-id=\"987503667\" data-type=\"image\" class=\"fg-thumb\"><span class=\"fg-image-wrap\"><img src=\"https:\/\/ministeriopublico.gob.pa\/instituto\/wp-content\/uploads\/cache\/2026\/08\/WhatsApp-Image-2026-08-31-at-8_54_32-AM-2-e1788204055237\/526323549.jpeg\" width=\"640\" height=\"360\" class=\"skip-lazy fg-image\" decoding=\"async\" loading=\"lazy\"><\/span><span class=\"fg-image-overlay\"><\/span><\/a><\/figure><div class=\"fg-loader\"><\/div><\/div><div class=\"fg-item fg-type-image fg-loading\"><figure class=\"fg-item-inner\"><a href=\"https:\/\/ministeriopublico.gob.pa\/instituto\/wp-content\/uploads\/2026\/08\/WhatsApp-Image-2026-08-31-at-8.54.32-AM-3-e1788204075284.jpeg\" data-attachment-id=\"987503668\" data-type=\"image\" class=\"fg-thumb\"><span class=\"fg-image-wrap\"><img src=\"https:\/\/ministeriopublico.gob.pa\/instituto\/wp-content\/uploads\/cache\/2026\/08\/WhatsApp-Image-2026-08-31-at-8_54_32-AM-3-e1788204075284\/1998068167.jpeg\" width=\"640\" height=\"360\" class=\"skip-lazy fg-image\" decoding=\"async\" loading=\"lazy\"><\/span><span class=\"fg-image-overlay\"><\/span><\/a><\/figure><div class=\"fg-loader\"><\/div><\/div><div class=\"fg-item fg-type-image fg-loading\"><figure class=\"fg-item-inner\"><a href=\"https:\/\/ministeriopublico.gob.pa\/instituto\/wp-content\/uploads\/2026\/08\/WhatsApp-Image-2026-08-31-at-8.54.32-AM-e1788204099237.jpeg\" data-attachment-id=\"987503669\" data-type=\"image\" class=\"fg-thumb\"><span class=\"fg-image-wrap\"><img src=\"https:\/\/ministeriopublico.gob.pa\/instituto\/wp-content\/uploads\/cache\/2026\/08\/WhatsApp-Image-2026-08-31-at-8_54_32-AM-e1788204099237\/4267965108.jpeg\" width=\"640\" height=\"360\" class=\"skip-lazy fg-image\" decoding=\"async\" loading=\"lazy\"><\/span><span class=\"fg-image-overlay\"><\/span><\/a><\/figure><div class=\"fg-loader\"><\/div><\/div><div class=\"fg-item fg-type-image fg-loading\"><figure class=\"fg-item-inner\"><a href=\"https:\/\/ministeriopublico.gob.pa\/instituto\/wp-content\/uploads\/2026\/08\/WhatsApp-Image-2026-08-31-at-8.55.12-AM-1.jpeg\" data-attachment-id=\"987503670\" data-type=\"image\" class=\"fg-thumb\"><span class=\"fg-image-wrap\"><img src=\"https:\/\/ministeriopublico.gob.pa\/instituto\/wp-content\/uploads\/cache\/2026\/08\/WhatsApp-Image-2026-08-31-at-8_55_12-AM-1\/1889771195.jpeg\" width=\"640\" height=\"360\" class=\"skip-lazy fg-image\" decoding=\"async\" loading=\"lazy\"><\/span><span class=\"fg-image-overlay\"><\/span><\/a><\/figure><div class=\"fg-loader\"><\/div><\/div><div class=\"fg-item fg-type-image fg-loading\"><figure class=\"fg-item-inner\"><a href=\"https:\/\/ministeriopublico.gob.pa\/instituto\/wp-content\/uploads\/2026\/08\/WhatsApp-Image-2026-08-31-at-8.55.12-AM-2.jpeg\" data-attachment-id=\"987503671\" data-type=\"image\" class=\"fg-thumb\"><span class=\"fg-image-wrap\"><img src=\"https:\/\/ministeriopublico.gob.pa\/instituto\/wp-content\/uploads\/cache\/2026\/08\/WhatsApp-Image-2026-08-31-at-8_55_12-AM-2\/454290106.jpeg\" width=\"640\" height=\"360\" class=\"skip-lazy fg-image\" decoding=\"async\" loading=\"lazy\"><\/span><span class=\"fg-image-overlay\"><\/span><\/a><\/figure><div class=\"fg-loader\"><\/div><\/div><div class=\"fg-item fg-type-image fg-loading\"><figure class=\"fg-item-inner\"><a href=\"https:\/\/ministeriopublico.gob.pa\/instituto\/wp-content\/uploads\/2026\/08\/WhatsApp-Image-2026-08-31-at-8.55.12-AM-3.jpeg\" data-attachment-id=\"987503672\" data-type=\"image\" class=\"fg-thumb\"><span class=\"fg-image-wrap\"><img src=\"https:\/\/ministeriopublico.gob.pa\/instituto\/wp-content\/uploads\/cache\/2026\/08\/WhatsApp-Image-2026-08-31-at-8_55_12-AM-3\/4197394357.jpeg\" width=\"640\" height=\"360\" class=\"skip-lazy fg-image\" decoding=\"async\" loading=\"lazy\"><\/span><span class=\"fg-image-overlay\"><\/span><\/a><\/figure><div class=\"fg-loader\"><\/div><\/div><div class=\"fg-item fg-type-image fg-loading\"><figure class=\"fg-item-inner\"><a href=\"https:\/\/ministeriopublico.gob.pa\/instituto\/wp-content\/uploads\/2026\/08\/WhatsApp-Image-2026-08-31-at-8.55.12-AM-4.jpeg\" data-attachment-id=\"987503673\" data-type=\"image\" class=\"fg-thumb\"><span class=\"fg-image-wrap\"><img src=\"https:\/\/ministeriopublico.gob.pa\/instituto\/wp-content\/uploads\/cache\/2026\/08\/WhatsApp-Image-2026-08-31-at-8_55_12-AM-4\/3430089400.jpeg\" width=\"640\" height=\"360\" class=\"skip-lazy fg-image\" decoding=\"async\" loading=\"lazy\"><\/span><span class=\"fg-image-overlay\"><\/span><\/a><\/figure><div class=\"fg-loader\"><\/div><\/div><div class=\"fg-item fg-type-image fg-loading\"><figure class=\"fg-item-inner\"><a href=\"https:\/\/ministeriopublico.gob.pa\/instituto\/wp-content\/uploads\/2026\/08\/WhatsApp-Image-2026-08-31-at-8.55.12-AM.jpeg\" data-attachment-id=\"987503674\" data-type=\"image\" class=\"fg-thumb\"><span class=\"fg-image-wrap\"><img src=\"https:\/\/ministeriopublico.gob.pa\/instituto\/wp-content\/uploads\/cache\/2026\/08\/WhatsApp-Image-2026-08-31-at-8_55_12-AM\/1503259809.jpeg\" width=\"640\" height=\"360\" class=\"skip-lazy fg-image\" decoding=\"async\" loading=\"lazy\"><\/span><span class=\"fg-image-overlay\"><\/span><\/a><\/figure><div class=\"fg-loader\"><\/div><\/div><div class=\"fg-item fg-type-image fg-loading\"><figure class=\"fg-item-inner\"><a href=\"https:\/\/ministeriopublico.gob.pa\/instituto\/wp-content\/uploads\/2026\/08\/WhatsApp-Image-2026-08-31-at-8.55.13-AM-1.jpeg\" data-attachment-id=\"987503675\" data-type=\"image\" class=\"fg-thumb\"><span class=\"fg-image-wrap\"><img src=\"https:\/\/ministeriopublico.gob.pa\/instituto\/wp-content\/uploads\/cache\/2026\/08\/WhatsApp-Image-2026-08-31-at-8_55_13-AM-1\/739578456.jpeg\" width=\"640\" height=\"360\" class=\"skip-lazy fg-image\" decoding=\"async\" loading=\"lazy\"><\/span><span class=\"fg-image-overlay\"><\/span><\/a><\/figure><div class=\"fg-loader\"><\/div><\/div><div class=\"fg-item fg-type-image fg-loading\"><figure class=\"fg-item-inner\"><a href=\"https:\/\/ministeriopublico.gob.pa\/instituto\/wp-content\/uploads\/2026\/08\/WhatsApp-Image-2026-08-31-at-8.55.13-AM.jpeg\" data-attachment-id=\"987503676\" data-type=\"image\" class=\"fg-thumb\"><span class=\"fg-image-wrap\"><img src=\"https:\/\/ministeriopublico.gob.pa\/instituto\/wp-content\/uploads\/cache\/2026\/08\/WhatsApp-Image-2026-08-31-at-8_55_13-AM\/1189388257.jpeg\" width=\"640\" height=\"360\" class=\"skip-lazy fg-image\" decoding=\"async\" loading=\"lazy\"><\/span><span class=\"fg-image-overlay\"><\/span><\/a><\/figure><div class=\"fg-loader\"><\/div><\/div><div class=\"fg-item fg-type-image fg-loading\"><figure class=\"fg-item-inner\"><a href=\"https:\/\/ministeriopublico.gob.pa\/instituto\/wp-content\/uploads\/2026\/08\/WhatsApp-Image-2026-08-31-at-8.55.14-AM-1.jpeg\" data-attachment-id=\"987503677\" data-type=\"image\" class=\"fg-thumb\"><span class=\"fg-image-wrap\"><img src=\"https:\/\/ministeriopublico.gob.pa\/instituto\/wp-content\/uploads\/cache\/2026\/08\/WhatsApp-Image-2026-08-31-at-8_55_14-AM-1\/3986827536.jpeg\" width=\"640\" height=\"360\" class=\"skip-lazy fg-image\" decoding=\"async\" loading=\"lazy\"><\/span><span class=\"fg-image-overlay\"><\/span><\/a><\/figure><div class=\"fg-loader\"><\/div><\/div><div class=\"fg-item fg-type-image fg-loading\"><figure class=\"fg-item-inner\"><a href=\"https:\/\/ministeriopublico.gob.pa\/instituto\/wp-content\/uploads\/2026\/08\/WhatsApp-Image-2026-08-31-at-8.55.14-AM-2.jpeg\" data-attachment-id=\"987503678\" data-type=\"image\" class=\"fg-thumb\"><span class=\"fg-image-wrap\"><img src=\"https:\/\/ministeriopublico.gob.pa\/instituto\/wp-content\/uploads\/cache\/2026\/08\/WhatsApp-Image-2026-08-31-at-8_55_14-AM-2\/1301652779.jpeg\" width=\"640\" height=\"360\" class=\"skip-lazy fg-image\" decoding=\"async\" loading=\"lazy\"><\/span><span class=\"fg-image-overlay\"><\/span><\/a><\/figure><div class=\"fg-loader\"><\/div><\/div><div class=\"fg-item fg-type-image fg-loading\"><figure class=\"fg-item-inner\"><a href=\"https:\/\/ministeriopublico.gob.pa\/instituto\/wp-content\/uploads\/2026\/08\/WhatsApp-Image-2026-08-31-at-8.55.14-AM-3.jpeg\" data-attachment-id=\"987503679\" data-type=\"image\" class=\"fg-thumb\"><span class=\"fg-image-wrap\"><img src=\"https:\/\/ministeriopublico.gob.pa\/instituto\/wp-content\/uploads\/cache\/2026\/08\/WhatsApp-Image-2026-08-31-at-8_55_14-AM-3\/148109740.jpeg\" width=\"640\" height=\"360\" class=\"skip-lazy fg-image\" decoding=\"async\" loading=\"lazy\"><\/span><span class=\"fg-image-overlay\"><\/span><\/a><\/figure><div class=\"fg-loader\"><\/div><\/div><div class=\"fg-item fg-type-image fg-loading\"><figure class=\"fg-item-inner\"><a href=\"https:\/\/ministeriopublico.gob.pa\/instituto\/wp-content\/uploads\/2026\/08\/WhatsApp-Image-2026-08-31-at-8.55.14-AM.jpeg\" data-attachment-id=\"987503680\" data-type=\"image\" class=\"fg-thumb\"><span class=\"fg-image-wrap\"><img src=\"https:\/\/ministeriopublico.gob.pa\/instituto\/wp-content\/uploads\/cache\/2026\/08\/WhatsApp-Image-2026-08-31-at-8_55_14-AM\/3615782237.jpeg\" width=\"640\" height=\"360\" class=\"skip-lazy fg-image\" decoding=\"async\" loading=\"lazy\"><\/span><span class=\"fg-image-overlay\"><\/span><\/a><\/figure><div class=\"fg-loader\"><\/div><\/div><div class=\"fg-item fg-type-image fg-loading\"><figure class=\"fg-item-inner\"><a href=\"https:\/\/ministeriopublico.gob.pa\/instituto\/wp-content\/uploads\/2026\/08\/WhatsApp-Image-2026-08-31-at-8.55.15-AM-1.jpeg\" data-attachment-id=\"987503681\" data-type=\"image\" class=\"fg-thumb\"><span class=\"fg-image-wrap\"><img src=\"https:\/\/ministeriopublico.gob.pa\/instituto\/wp-content\/uploads\/cache\/2026\/08\/WhatsApp-Image-2026-08-31-at-8_55_15-AM-1\/500111636.jpeg\" width=\"640\" height=\"360\" class=\"skip-lazy fg-image\" decoding=\"async\" loading=\"lazy\"><\/span><span class=\"fg-image-overlay\"><\/span><\/a><\/figure><div class=\"fg-loader\"><\/div><\/div><div class=\"fg-item fg-type-image fg-loading\"><figure class=\"fg-item-inner\"><a href=\"https:\/\/ministeriopublico.gob.pa\/instituto\/wp-content\/uploads\/2026\/08\/WhatsApp-Image-2026-08-31-at-8.55.15-AM-2.jpeg\" data-attachment-id=\"987503682\" data-type=\"image\" class=\"fg-thumb\"><span class=\"fg-image-wrap\"><img src=\"https:\/\/ministeriopublico.gob.pa\/instituto\/wp-content\/uploads\/cache\/2026\/08\/WhatsApp-Image-2026-08-31-at-8_55_15-AM-2\/3523607709.jpeg\" width=\"640\" height=\"360\" class=\"skip-lazy fg-image\" decoding=\"async\" loading=\"lazy\"><\/span><span class=\"fg-image-overlay\"><\/span><\/a><\/figure><div class=\"fg-loader\"><\/div><\/div><div class=\"fg-item fg-type-image fg-loading\"><figure class=\"fg-item-inner\"><a href=\"https:\/\/ministeriopublico.gob.pa\/instituto\/wp-content\/uploads\/2026\/08\/WhatsApp-Image-2026-08-31-at-8.55.15-AM-3.jpeg\" data-attachment-id=\"987503683\" data-type=\"image\" class=\"fg-thumb\"><span class=\"fg-image-wrap\"><img src=\"https:\/\/ministeriopublico.gob.pa\/instituto\/wp-content\/uploads\/cache\/2026\/08\/WhatsApp-Image-2026-08-31-at-8_55_15-AM-3\/2537791514.jpeg\" width=\"640\" height=\"360\" class=\"skip-lazy fg-image\" decoding=\"async\" loading=\"lazy\"><\/span><span class=\"fg-image-overlay\"><\/span><\/a><\/figure><div class=\"fg-loader\"><\/div><\/div>\t\t<\/div>\n\t\t<div class=\"fiv-ctrls\">\n\t\t\t<button type=\"button\" class=\"fiv-prev\" title=\"Anterior\"><span>Anterior<\/span><\/button>\n\t\t\t<label class=\"fiv-count\"><span class=\"fiv-count-current\">1<\/span>de<span class=\"fiv-count-total\">19<\/span><\/label>\n\t\t\t<button type=\"button\" class=\"fiv-next\" title=\"Siguiente\"><span>Siguiente<\/span><\/button>\n\t\t<\/div>\n\t<\/div>\n<\/div>\n\n<p>Los d\u00edas <strong>27 y 28 de agosto de 2026<\/strong>, el <strong>Instituto Superior de Formaci\u00f3n de Fiscales<\/strong> realiz\u00f3 la jornada de capacitaci\u00f3n <strong>\u201cDelitos de Lesiones Personales\u201d<\/strong>, dirigida a fiscales y asistentes operativos de la <strong>Fiscal\u00eda Metropolitana y de las Fiscal\u00edas Regionales del pa\u00eds<\/strong>.<\/p>\n<p>Durante la jornada se abordaron los principales aspectos jur\u00eddicos y pr\u00e1cticos relacionados con la <strong>investigaci\u00f3n y judicializaci\u00f3n de los delitos de lesiones personales<\/strong>, incluyendo su clasificaci\u00f3n, an\u00e1lisis dogm\u00e1tico, diferencias entre los distintos tipos de lesiones, lesiones dolosas y culposas, medidas cautelares, t\u00e9cnicas de investigaci\u00f3n y m\u00e9todos alternos de soluci\u00f3n de conflictos.<\/p>\n<p>Entre los fiscales que participaron como expositores estuvieron <strong>Elisena R\u00edos<\/strong>, Fiscal Superior de la Secci\u00f3n de Delitos contra la Vida e Integridad Personal, quien desarroll\u00f3 los temas <strong>\u201cAspectos generales de los delitos de lesiones personales\u201d<\/strong> y <strong>\u201cLesiones personales dolosas\u201d<\/strong>; <strong>Jessika Taylor<\/strong>, Fiscal de Circuito Coordinadora de la Secci\u00f3n de Delitos contra la Vida e Integridad Personal de la Fiscal\u00eda Regional de San Miguelito, quien abord\u00f3 las <strong>lesiones personales culposas<\/strong>; <strong>Yimara Denisse G\u00e1lvez Arnold<\/strong>, Fiscal Adjunta de la Secci\u00f3n de Delitos contra la Vida e Integridad Personal, quien desarroll\u00f3 el tema de <strong>medidas cautelares y audiencias<\/strong>; y <strong>Lorena Quiroz<\/strong>, Fiscal de Circuito de la Secci\u00f3n de Delitos contra la Vida e Integridad Personal, quien abord\u00f3 la <strong>investigaci\u00f3n de los delitos de lesiones personales<\/strong>.<\/p>\n<p>Como parte del componente especializado sobre <strong>lesiones personales culposas y accidentes de tr\u00e1nsito<\/strong>, los tenientes <strong>Luis Alberto Mendieta Reyes<\/strong> y <strong>Manuel Takata Zapata<\/strong>, de la <strong>Direcci\u00f3n Nacional de Operaciones de Tr\u00e1nsito de la Polic\u00eda Nacional<\/strong>, abordaron la accidentolog\u00eda vial, los fundamentos de la investigaci\u00f3n de accidentes de tr\u00e1nsito, el an\u00e1lisis t\u00e9cnico de la escena, la reconstrucci\u00f3n de los hechos y los elementos t\u00e9cnicos fundamentales para establecer responsabilidades.<\/p>\n<p>La jornada incluy\u00f3 adem\u00e1s un <strong>panel sobre violencia psicol\u00f3gica<\/strong>, con la participaci\u00f3n de <strong>David Hidalgo<\/strong>, Psic\u00f3logo Forense y Coordinador de la Unidad de Psicolog\u00eda Forense del <strong>Instituto de Medicina Legal y Ciencias Forenses (IMELCF)<\/strong>; <strong>Itzel Navarro<\/strong>, Psic\u00f3loga de la <strong>Secretar\u00eda de Protecci\u00f3n a V\u00edctimas, Testigos, Peritos y dem\u00e1s Intervinientes en el Proceso Penal (SEPROVIT)<\/strong>; y <strong>Ver\u00f3nica Checa<\/strong>, Fiscal de Circuito de la Secci\u00f3n de Delitos contra la Vida e Integridad Personal. En este espacio se abordaron aspectos relacionados con la evaluaci\u00f3n y valoraci\u00f3n de las afectaciones psicol\u00f3gicas, la atenci\u00f3n a las v\u00edctimas y los criterios para la investigaci\u00f3n y judicializaci\u00f3n de estas conductas.<\/p>\n<p>Asimismo, <strong>Linda Mitchell<\/strong>, de la <strong>Secretar\u00eda Nacional de Procedimientos Alternos de Soluci\u00f3n de Conflictos (SENAPASC)<\/strong>, desarroll\u00f3 el tema <strong>\u201cM\u00e9todos alternos de soluci\u00f3n de conflictos: aplicaci\u00f3n en delitos de lesiones personales\u201d<\/strong>.<\/p>\n<p>Como cierre de la jornada, se realiz\u00f3 un <strong>taller pr\u00e1ctico de an\u00e1lisis y resoluci\u00f3n de un caso de lesiones personales<\/strong>, facilitado por la fiscal superior Lorenza<strong> Guti\u00e9rrez<\/strong>.<\/p>\n","protected":false},"excerpt":{"rendered":"<p>Los d\u00edas 27 y 28 de agosto de 2026, el Instituto Superior de Formaci\u00f3n de Fiscales realiz\u00f3 la jornada de capacitaci\u00f3n \u201cDelitos de Lesiones Personales\u201d, dirigida a fiscales y asistentes operativos de la Fiscal\u00eda Metropolitana y de las Fiscal\u00edas Regionales del pa\u00eds. Durante la jornada se abordaron los principales aspectos jur\u00eddicos y pr\u00e1cticos relacionados con [&hellip;]<\/p>\n","protected":false},"author":6,"featured_media":987503679,"comment_status":"closed","ping_status":"open","sticky":false,"template":"","format":"standard","meta":{"_acf_changed":false,"_et_pb_use_builder":"","_et_pb_old_content":"","_et_gb_content_width":"","footnotes":""},"categories":[21],"tags":[],"class_list":["post-987503690","post","type-post","status-publish","format-standard","has-post-thumbnail","hentry","category-noticias"],"acf":[],"_links":{"self":[{"href":"https:\/\/ministeriopublico.gob.pa\/instituto\/wp-json\/wp\/v2\/posts\/987503690","targetHints":{"allow":["GET"]}}],"collection":[{"href":"https:\/\/ministeriopublico.gob.pa\/instituto\/wp-json\/wp\/v2\/posts"}],"about":[{"href":"https:\/\/ministeriopublico.gob.pa\/instituto\/wp-json\/wp\/v2\/types\/post"}],"author":[{"embeddable":true,"href":"https:\/\/ministeriopublico.gob.pa\/instituto\/wp-json\/wp\/v2\/users\/6"}],"replies":[{"embeddable":true,"href":"https:\/\/ministeriopublico.gob.pa\/instituto\/wp-json\/wp\/v2\/comments?post=987503690"}],"version-history":[{"count":2,"href":"https:\/\/ministeriopublico.gob.pa\/instituto\/wp-json\/wp\/v2\/posts\/987503690\/revisions"}],"predecessor-version":[{"id":987503717,"href":"https:\/\/ministeriopublico.gob.pa\/instituto\/wp-json\/wp\/v2\/posts\/987503690\/revisions\/987503717"}],"wp:featuredmedia":[{"embeddable":true,"href":"https:\/\/ministeriopublico.gob.pa\/instituto\/wp-json\/wp\/v2\/media\/987503679"}],"wp:attachment":[{"href":"https:\/\/ministeriopublico.gob.pa\/instituto\/wp-json\/wp\/v2\/media?parent=987503690"}],"wp:term":[{"taxonomy":"category","embeddable":true,"href":"https:\/\/ministeriopublico.gob.pa\/instituto\/wp-json\/wp\/v2\/categories?post=987503690"},{"taxonomy":"post_tag","embeddable":true,"href":"https:\/\/ministeriopublico.gob.pa\/instituto\/wp-json\/wp\/v2\/tags?post=987503690"}],"curies":[{"name":"wp","href":"https:\/\/api.w.org\/{rel}","templated":true}]}}