{"id":987503661,"date":"2026-08-27T15:32:38","date_gmt":"2026-08-27T20:32:38","guid":{"rendered":"https:\/\/ministeriopublico.gob.pa\/instituto\/?p=987503661"},"modified":"2026-08-27T15:32:38","modified_gmt":"2026-08-27T20:32:38","slug":"ministerio-publico-desarrolla-capacitacion-sobre-individualizacion-judicial-de-la-pena-atenuantes-y-agravantes","status":"publish","type":"post","link":"https:\/\/ministeriopublico.gob.pa\/instituto\/noticias\/ministerio-publico-desarrolla-capacitacion-sobre-individualizacion-judicial-de-la-pena-atenuantes-y-agravantes\/","title":{"rendered":"MINISTERIO P\u00daBLICO DESARROLLA CAPACITACI\u00d3N SOBRE INDIVIDUALIZACI\u00d3N JUDICIAL DE LA PENA, ATENUANTES Y AGRAVANTES"},"content":{"rendered":"<style type=\"text\/css\">\n#foogallery-gallery-987503655 .fg-image { width: 640px; }<\/style>\n\t\t\t<div class=\"foogallery foogallery-container foogallery-image-viewer foogallery-link-image foogallery-lightbox-foogallery fg-center fg-image-viewer fg-ready fg-light fg-border-thin fg-round-small fg-shadow-outline fg-shadow-inset-large fg-loading-default fg-loaded-fade-in fg-hover-semi-zoomed fg-caption-always fg-hover-fade fg-hover-plus3\" id=\"foogallery-gallery-987503655\" data-foogallery=\"{&quot;panel&quot;:{&quot;buttons&quot;:{&quot;download&quot;:false}},&quot;item&quot;:{&quot;showCaptionTitle&quot;:true,&quot;showCaptionDescription&quot;:true},&quot;lazy&quot;:true,&quot;src&quot;:&quot;src&quot;,&quot;srcset&quot;:&quot;srcset&quot;,&quot;template&quot;:{&quot;loop&quot;:true,&quot;autoplay&quot;:0}}\" data-foogallery-lightbox=\"{&quot;thumbs&quot;:&quot;bottom&quot;,&quot;thumbsCaptions&quot;:false,&quot;thumbsBestFit&quot;:false,&quot;thumbsSmall&quot;:false,&quot;thumbsCaptionsAlign&quot;:&quot;default&quot;,&quot;info&quot;:&quot;bottom&quot;,&quot;infoVisible&quot;:true,&quot;infoOverlay&quot;:true,&quot;infoAlign&quot;:&quot;default&quot;,&quot;transition&quot;:&quot;fade&quot;,&quot;hoverButtons&quot;:false,&quot;fitMedia&quot;:false,&quot;noScrollbars&quot;:true,&quot;preserveButtonSpace&quot;:true,&quot;buttons&quot;:{&quot;fullscreen&quot;:true,&quot;info&quot;:true,&quot;thumbs&quot;:false,&quot;download&quot;:false},&quot;video&quot;:{&quot;autoPlay&quot;:true}}\" style=\"--fg-title-line-clamp: 1; --fg-description-line-clamp: 2;\" >\n\t<div class=\"fiv-inner\">\n\t\t<div class=\"fiv-inner-container\">\n\t\t\t<div class=\"fg-item fg-type-image fg-loading\"><figure class=\"fg-item-inner\"><a href=\"https:\/\/ministeriopublico.gob.pa\/instituto\/wp-content\/uploads\/2026\/08\/WhatsApp-Image-2026-08-21-at-4.28.49-PM-1.jpeg\" data-attachment-id=\"987503659\" data-type=\"image\" class=\"fg-thumb\"><span class=\"fg-image-wrap\"><img src=\"https:\/\/ministeriopublico.gob.pa\/instituto\/wp-content\/uploads\/cache\/2026\/08\/WhatsApp-Image-2026-08-21-at-4_28_49-PM-1\/288651703.jpeg\" width=\"640\" height=\"360\" class=\"skip-lazy fg-image\" decoding=\"async\" loading=\"lazy\"><\/span><span class=\"fg-image-overlay\"><\/span><\/a><\/figure><div class=\"fg-loader\"><\/div><\/div><div class=\"fg-item fg-type-image fg-loading\"><figure class=\"fg-item-inner\"><a href=\"https:\/\/ministeriopublico.gob.pa\/instituto\/wp-content\/uploads\/2026\/08\/WhatsApp-Image-2026-08-21-at-2.19.05-PM.jpeg\" data-attachment-id=\"987503656\" data-type=\"image\" class=\"fg-thumb\"><span class=\"fg-image-wrap\"><img src=\"https:\/\/ministeriopublico.gob.pa\/instituto\/wp-content\/uploads\/cache\/2026\/08\/WhatsApp-Image-2026-08-21-at-2_19_05-PM\/4140691349.jpeg\" width=\"640\" height=\"360\" class=\"skip-lazy fg-image\" decoding=\"async\" loading=\"lazy\"><\/span><span class=\"fg-image-overlay\"><\/span><\/a><\/figure><div class=\"fg-loader\"><\/div><\/div><div class=\"fg-item fg-type-image fg-loading\"><figure class=\"fg-item-inner\"><a href=\"https:\/\/ministeriopublico.gob.pa\/instituto\/wp-content\/uploads\/2026\/08\/WhatsApp-Image-2026-08-21-at-2.19.07-PM.jpeg\" data-attachment-id=\"987503658\" data-type=\"image\" class=\"fg-thumb\"><span class=\"fg-image-wrap\"><img src=\"https:\/\/ministeriopublico.gob.pa\/instituto\/wp-content\/uploads\/cache\/2026\/08\/WhatsApp-Image-2026-08-21-at-2_19_07-PM\/840745029.jpeg\" width=\"640\" height=\"360\" class=\"skip-lazy fg-image\" decoding=\"async\" loading=\"lazy\"><\/span><span class=\"fg-image-overlay\"><\/span><\/a><\/figure><div class=\"fg-loader\"><\/div><\/div><div class=\"fg-item fg-type-image fg-loading\"><figure class=\"fg-item-inner\"><a href=\"https:\/\/ministeriopublico.gob.pa\/instituto\/wp-content\/uploads\/2026\/08\/WhatsApp-Image-2026-08-21-at-8.43.19-AM.jpeg\" data-attachment-id=\"987503660\" data-type=\"image\" class=\"fg-thumb\"><span class=\"fg-image-wrap\"><img src=\"https:\/\/ministeriopublico.gob.pa\/instituto\/wp-content\/uploads\/cache\/2026\/08\/WhatsApp-Image-2026-08-21-at-8_43_19-AM\/1091085357.jpeg\" width=\"640\" height=\"360\" class=\"skip-lazy fg-image\" decoding=\"async\" loading=\"lazy\"><\/span><span class=\"fg-image-overlay\"><\/span><\/a><\/figure><div class=\"fg-loader\"><\/div><\/div>\t\t<\/div>\n\t\t<div class=\"fiv-ctrls\">\n\t\t\t<button type=\"button\" class=\"fiv-prev\" title=\"Anterior\"><span>Anterior<\/span><\/button>\n\t\t\t<label class=\"fiv-count\"><span class=\"fiv-count-current\">1<\/span>de<span class=\"fiv-count-total\">4<\/span><\/label>\n\t\t\t<button type=\"button\" class=\"fiv-next\" title=\"Siguiente\"><span>Siguiente<\/span><\/button>\n\t\t<\/div>\n\t<\/div>\n<\/div>\n\n<p>El Instituto Superior de Formaci\u00f3n de Fiscales \u201cDra. Clara Gonz\u00e1lez de Behringer\u201d realiz\u00f3, el 21 de agosto del presente a\u00f1o, el curso \u201cIndividualizaci\u00f3n judicial de la pena, atenuantes y agravantes\u201d, como parte de las actividades acad\u00e9micas dirigidas al fortalecimiento de los conocimientos jur\u00eddicos aplicables al ejercicio de la funci\u00f3n de los fiscales de la instituci\u00f3n. En esta capacitaci\u00f3n tambi\u00e9n participaron fiscales de la Fiscal\u00eda General Electoral.<\/p>\n<p>La jornada estuvo a cargo del magistrado Samir Tejeira, del Tribunal Superior de Apelaciones del Segundo Distrito Judicial, quien desarroll\u00f3 los fundamentos, la clasificaci\u00f3n y la finalidad de la pena. Tambi\u00e9n abord\u00f3 la unidad y pluralidad de hechos punibles, con \u00e9nfasis en las diferencias entre el concurso ideal, el concurso real y el delito continuado.<\/p>\n<p>Durante la capacitaci\u00f3n se examinaron las circunstancias agravantes y atenuantes, sus conceptos, clasificaciones, requisitos y efectos en la determinaci\u00f3n de la pena. El magistrado Tejeira explic\u00f3 los elementos que deben valorarse para establecer su procedencia y la incidencia que pueden tener al momento de fijar la sanci\u00f3n correspondiente.<\/p>\n<p>La sesi\u00f3n de la tarde se concentr\u00f3 en la individualizaci\u00f3n judicial de la pena, particularmente en los criterios de valoraci\u00f3n utilizados para determinar la sanci\u00f3n aplicable en cada caso. Este an\u00e1lisis permiti\u00f3 revisar la relaci\u00f3n entre las caracter\u00edsticas del hecho punible, las circunstancias concurrentes y la respuesta penal correspondiente.<\/p>\n<p>Como parte de la metodolog\u00eda acad\u00e9mica, se desarroll\u00f3 un taller pr\u00e1ctico y una plenaria para analizar casos relacionados con la individualizaci\u00f3n de la pena y la aplicaci\u00f3n de circunstancias atenuantes y agravantes. Este ejercicio permiti\u00f3 a los participantes aplicar los contenidos estudiados e intercambiar criterios jur\u00eddicos sobre las situaciones planteadas.<\/p>\n<p>La actividad facilit\u00f3 la actualizaci\u00f3n de conocimientos sobre los factores que intervienen en la determinaci\u00f3n de la pena y promovi\u00f3 el an\u00e1lisis t\u00e9cnico de las disposiciones relacionadas con las circunstancias que pueden modificar la sanci\u00f3n penal.<\/p>\n","protected":false},"excerpt":{"rendered":"<p>El Instituto Superior de Formaci\u00f3n de Fiscales \u201cDra. Clara Gonz\u00e1lez de Behringer\u201d realiz\u00f3, el 21 de agosto del presente a\u00f1o, el curso \u201cIndividualizaci\u00f3n judicial de la pena, atenuantes y agravantes\u201d, como parte de las actividades acad\u00e9micas dirigidas al fortalecimiento de los conocimientos jur\u00eddicos aplicables al ejercicio de la funci\u00f3n de los fiscales de la instituci\u00f3n. [&hellip;]<\/p>\n","protected":false},"author":6,"featured_media":987503659,"comment_status":"closed","ping_status":"open","sticky":false,"template":"","format":"standard","meta":{"_acf_changed":false,"_et_pb_use_builder":"","_et_pb_old_content":"","_et_gb_content_width":"","footnotes":""},"categories":[21],"tags":[],"class_list":["post-987503661","post","type-post","status-publish","format-standard","has-post-thumbnail","hentry","category-noticias"],"acf":[],"_links":{"self":[{"href":"https:\/\/ministeriopublico.gob.pa\/instituto\/wp-json\/wp\/v2\/posts\/987503661","targetHints":{"allow":["GET"]}}],"collection":[{"href":"https:\/\/ministeriopublico.gob.pa\/instituto\/wp-json\/wp\/v2\/posts"}],"about":[{"href":"https:\/\/ministeriopublico.gob.pa\/instituto\/wp-json\/wp\/v2\/types\/post"}],"author":[{"embeddable":true,"href":"https:\/\/ministeriopublico.gob.pa\/instituto\/wp-json\/wp\/v2\/users\/6"}],"replies":[{"embeddable":true,"href":"https:\/\/ministeriopublico.gob.pa\/instituto\/wp-json\/wp\/v2\/comments?post=987503661"}],"version-history":[{"count":1,"href":"https:\/\/ministeriopublico.gob.pa\/instituto\/wp-json\/wp\/v2\/posts\/987503661\/revisions"}],"predecessor-version":[{"id":987503662,"href":"https:\/\/ministeriopublico.gob.pa\/instituto\/wp-json\/wp\/v2\/posts\/987503661\/revisions\/987503662"}],"wp:featuredmedia":[{"embeddable":true,"href":"https:\/\/ministeriopublico.gob.pa\/instituto\/wp-json\/wp\/v2\/media\/987503659"}],"wp:attachment":[{"href":"https:\/\/ministeriopublico.gob.pa\/instituto\/wp-json\/wp\/v2\/media?parent=987503661"}],"wp:term":[{"taxonomy":"category","embeddable":true,"href":"https:\/\/ministeriopublico.gob.pa\/instituto\/wp-json\/wp\/v2\/categories?post=987503661"},{"taxonomy":"post_tag","embeddable":true,"href":"https:\/\/ministeriopublico.gob.pa\/instituto\/wp-json\/wp\/v2\/tags?post=987503661"}],"curies":[{"name":"wp","href":"https:\/\/api.w.org\/{rel}","templated":true}]}}