{"id":987503577,"date":"2026-08-18T08:13:54","date_gmt":"2026-08-18T13:13:54","guid":{"rendered":"https:\/\/ministeriopublico.gob.pa\/instituto\/?p=987503577"},"modified":"2026-08-18T08:13:54","modified_gmt":"2026-08-18T13:13:54","slug":"capacitacion-de-la-gestion-administrativa-en-el-sistema-penal-acusatorio","status":"publish","type":"post","link":"https:\/\/ministeriopublico.gob.pa\/instituto\/noticias\/capacitacion-de-la-gestion-administrativa-en-el-sistema-penal-acusatorio\/","title":{"rendered":"Capacitaci\u00f3n de la gesti\u00f3n administrativa en el Sistema Penal Acusatorio"},"content":{"rendered":"<style type=\"text\/css\">\n#foogallery-gallery-987503566 .fg-image { width: 640px; }<\/style>\n\t\t\t<div class=\"foogallery foogallery-container foogallery-image-viewer foogallery-link-image foogallery-lightbox-foogallery fg-center fg-image-viewer fg-ready fg-light fg-border-thin fg-round-small fg-shadow-outline fg-shadow-inset-large fg-loading-default fg-loaded-fade-in fg-hover-semi-zoomed fg-caption-always fg-hover-fade fg-hover-plus3\" id=\"foogallery-gallery-987503566\" data-foogallery=\"{&quot;panel&quot;:{&quot;buttons&quot;:{&quot;download&quot;:false}},&quot;item&quot;:{&quot;showCaptionTitle&quot;:true,&quot;showCaptionDescription&quot;:true},&quot;lazy&quot;:true,&quot;src&quot;:&quot;src&quot;,&quot;srcset&quot;:&quot;srcset&quot;,&quot;template&quot;:{&quot;loop&quot;:true,&quot;autoplay&quot;:0}}\" data-foogallery-lightbox=\"{&quot;thumbs&quot;:&quot;bottom&quot;,&quot;thumbsCaptions&quot;:false,&quot;thumbsBestFit&quot;:false,&quot;thumbsSmall&quot;:false,&quot;thumbsCaptionsAlign&quot;:&quot;default&quot;,&quot;info&quot;:&quot;bottom&quot;,&quot;infoVisible&quot;:true,&quot;infoOverlay&quot;:true,&quot;infoAlign&quot;:&quot;default&quot;,&quot;transition&quot;:&quot;fade&quot;,&quot;hoverButtons&quot;:false,&quot;fitMedia&quot;:false,&quot;noScrollbars&quot;:true,&quot;preserveButtonSpace&quot;:true,&quot;buttons&quot;:{&quot;fullscreen&quot;:true,&quot;info&quot;:true,&quot;thumbs&quot;:false,&quot;download&quot;:false},&quot;video&quot;:{&quot;autoPlay&quot;:true}}\" style=\"--fg-title-line-clamp: 1; --fg-description-line-clamp: 2;\" >\n\t<div class=\"fiv-inner\">\n\t\t<div class=\"fiv-inner-container\">\n\t\t\t<div class=\"fg-item fg-type-image fg-loading\"><figure class=\"fg-item-inner\"><a href=\"https:\/\/ministeriopublico.gob.pa\/instituto\/wp-content\/uploads\/2026\/08\/IMG_9190-scaled.jpg\" data-attachment-id=\"987503572\" data-type=\"image\" class=\"fg-thumb\"><span class=\"fg-image-wrap\"><img src=\"https:\/\/ministeriopublico.gob.pa\/instituto\/wp-content\/uploads\/cache\/2026\/08\/IMG_9190-scaled\/1364088668.jpg\" width=\"640\" height=\"360\" class=\"skip-lazy fg-image\" decoding=\"async\" loading=\"lazy\"><\/span><span class=\"fg-image-overlay\"><\/span><\/a><\/figure><div class=\"fg-loader\"><\/div><\/div><div class=\"fg-item fg-type-image fg-loading\"><figure class=\"fg-item-inner\"><a href=\"https:\/\/ministeriopublico.gob.pa\/instituto\/wp-content\/uploads\/2026\/08\/20260813_094737-scaled-e1787058722130.jpg\" data-attachment-id=\"987503567\" data-type=\"image\" class=\"fg-thumb\"><span class=\"fg-image-wrap\"><img src=\"https:\/\/ministeriopublico.gob.pa\/instituto\/wp-content\/uploads\/cache\/2026\/08\/20260813_094737-scaled-e1787058722130\/1104778491.jpg\" width=\"640\" height=\"360\" class=\"skip-lazy fg-image\" decoding=\"async\" loading=\"lazy\"><\/span><span class=\"fg-image-overlay\"><\/span><\/a><\/figure><div class=\"fg-loader\"><\/div><\/div><div class=\"fg-item fg-type-image fg-loading\"><figure class=\"fg-item-inner\"><a href=\"https:\/\/ministeriopublico.gob.pa\/instituto\/wp-content\/uploads\/2026\/08\/IMG_9155-scaled.jpg\" data-attachment-id=\"987503569\" data-type=\"image\" class=\"fg-thumb\"><span class=\"fg-image-wrap\"><img src=\"https:\/\/ministeriopublico.gob.pa\/instituto\/wp-content\/uploads\/cache\/2026\/08\/IMG_9155-scaled\/2468224082.jpg\" width=\"640\" height=\"360\" class=\"skip-lazy fg-image\" decoding=\"async\" loading=\"lazy\"><\/span><span class=\"fg-image-overlay\"><\/span><\/a><\/figure><div class=\"fg-loader\"><\/div><\/div><div class=\"fg-item fg-type-image fg-loading\"><figure class=\"fg-item-inner\"><a href=\"https:\/\/ministeriopublico.gob.pa\/instituto\/wp-content\/uploads\/2026\/08\/20260813_094743-scaled-e1787058737562.jpg\" data-attachment-id=\"987503568\" data-type=\"image\" class=\"fg-thumb\"><span class=\"fg-image-wrap\"><img src=\"https:\/\/ministeriopublico.gob.pa\/instituto\/wp-content\/uploads\/cache\/2026\/08\/20260813_094743-scaled-e1787058737562\/455925654.jpg\" width=\"640\" height=\"360\" class=\"skip-lazy fg-image\" decoding=\"async\" loading=\"lazy\"><\/span><span class=\"fg-image-overlay\"><\/span><\/a><\/figure><div class=\"fg-loader\"><\/div><\/div><div class=\"fg-item fg-type-image fg-loading\"><figure class=\"fg-item-inner\"><a href=\"https:\/\/ministeriopublico.gob.pa\/instituto\/wp-content\/uploads\/2026\/08\/IMG_9163-scaled.jpg\" data-attachment-id=\"987503571\" data-type=\"image\" class=\"fg-thumb\"><span class=\"fg-image-wrap\"><img src=\"https:\/\/ministeriopublico.gob.pa\/instituto\/wp-content\/uploads\/cache\/2026\/08\/IMG_9163-scaled\/4032364820.jpg\" width=\"640\" height=\"360\" class=\"skip-lazy fg-image\" decoding=\"async\" loading=\"lazy\"><\/span><span class=\"fg-image-overlay\"><\/span><\/a><\/figure><div class=\"fg-loader\"><\/div><\/div><div class=\"fg-item fg-type-image fg-loading\"><figure class=\"fg-item-inner\"><a href=\"https:\/\/ministeriopublico.gob.pa\/instituto\/wp-content\/uploads\/2026\/08\/IMG_9211-scaled.jpg\" data-attachment-id=\"987503573\" data-type=\"image\" class=\"fg-thumb\"><span class=\"fg-image-wrap\"><img src=\"https:\/\/ministeriopublico.gob.pa\/instituto\/wp-content\/uploads\/cache\/2026\/08\/IMG_9211-scaled\/3720117894.jpg\" width=\"640\" height=\"360\" class=\"skip-lazy fg-image\" decoding=\"async\" loading=\"lazy\"><\/span><span class=\"fg-image-overlay\"><\/span><\/a><\/figure><div class=\"fg-loader\"><\/div><\/div><div class=\"fg-item fg-type-image fg-loading\"><figure class=\"fg-item-inner\"><a href=\"https:\/\/ministeriopublico.gob.pa\/instituto\/wp-content\/uploads\/2026\/08\/IMG_9228-scaled.jpg\" data-attachment-id=\"987503574\" data-type=\"image\" class=\"fg-thumb\"><span class=\"fg-image-wrap\"><img src=\"https:\/\/ministeriopublico.gob.pa\/instituto\/wp-content\/uploads\/cache\/2026\/08\/IMG_9228-scaled\/3934674420.jpg\" width=\"640\" height=\"360\" class=\"skip-lazy fg-image\" decoding=\"async\" loading=\"lazy\"><\/span><span class=\"fg-image-overlay\"><\/span><\/a><\/figure><div class=\"fg-loader\"><\/div><\/div><div class=\"fg-item fg-type-image fg-loading\"><figure class=\"fg-item-inner\"><a href=\"https:\/\/ministeriopublico.gob.pa\/instituto\/wp-content\/uploads\/2026\/08\/IMG_9230-scaled.jpg\" data-attachment-id=\"987503575\" data-type=\"image\" class=\"fg-thumb\"><span class=\"fg-image-wrap\"><img src=\"https:\/\/ministeriopublico.gob.pa\/instituto\/wp-content\/uploads\/cache\/2026\/08\/IMG_9230-scaled\/2665952795.jpg\" width=\"640\" height=\"360\" class=\"skip-lazy fg-image\" decoding=\"async\" loading=\"lazy\"><\/span><span class=\"fg-image-overlay\"><\/span><\/a><\/figure><div class=\"fg-loader\"><\/div><\/div><div class=\"fg-item fg-type-image fg-loading\"><figure class=\"fg-item-inner\"><a href=\"https:\/\/ministeriopublico.gob.pa\/instituto\/wp-content\/uploads\/2026\/08\/IMG_9239-scaled.jpg\" data-attachment-id=\"987503576\" data-type=\"image\" class=\"fg-thumb\"><span class=\"fg-image-wrap\"><img src=\"https:\/\/ministeriopublico.gob.pa\/instituto\/wp-content\/uploads\/cache\/2026\/08\/IMG_9239-scaled\/3591731839.jpg\" width=\"640\" height=\"360\" class=\"skip-lazy fg-image\" decoding=\"async\" loading=\"lazy\"><\/span><span class=\"fg-image-overlay\"><\/span><\/a><\/figure><div class=\"fg-loader\"><\/div><\/div>\t\t<\/div>\n\t\t<div class=\"fiv-ctrls\">\n\t\t\t<button type=\"button\" class=\"fiv-prev\" title=\"Anterior\"><span>Anterior<\/span><\/button>\n\t\t\t<label class=\"fiv-count\"><span class=\"fiv-count-current\">1<\/span>de<span class=\"fiv-count-total\">9<\/span><\/label>\n\t\t\t<button type=\"button\" class=\"fiv-next\" title=\"Siguiente\"><span>Siguiente<\/span><\/button>\n\t\t<\/div>\n\t<\/div>\n<\/div>\n\n<p>El Instituto Superior de Formaci\u00f3n de Fiscales, Dra. Clara Gonz\u00e1lez de Behringer, llev\u00f3 a cabo el d\u00eda 13 de agosto de 2026, la capacitaci\u00f3n denominada \u201cLa gesti\u00f3n administrativa en el Sistema Penal Acusatorio\u201d la cual reuni\u00f3 a funcionarios de \u00e1reas administrativas y judiciales de distintas partes del pa\u00eds.<\/p>\n<p>Como apoyo interinstitucional contamos la grata participaci\u00f3n de expositores invitados del Tribunal Administrativo de Contrataciones P\u00fablicas, los licenciados Rosa Garc\u00eda y \u00c1lvaro Rivera ambos Asistentes de Magistrados quienes desarrollaron los temas \u201cLa contrataci\u00f3n p\u00fablica en el sistema de compras paname\u00f1o, el\u00a0 marco legal y tipo de licitaciones\u201d y \u201cLa estructuraci\u00f3n de pliegos de cargos, condiciones generales y espec\u00edficas\u201d, compartiendo as\u00ed la importancia de realizar los procedimientos paso a paso, apegados a las leyes y marco jur\u00eddico.<\/p>\n<p>En ese sentido tambi\u00e9n particip\u00f3 el licenciado Onofre Rivas de la Direcci\u00f3n General de Contrataciones P\u00fablicas quien se refiri\u00f3 a los procedimientos y uso del sistema de contrataciones p\u00fablicas, explicando el uso de la plataforma y los errores frecuentes que se cometen al ingresar a Panam\u00e1 Compra y Convenio Marco.<\/p>\n<p>Por su parte, la licenciada Iracema Tapia, subsecretaria administrativa, desarroll\u00f3 a modo de inducci\u00f3n la gesti\u00f3n de recursos financieros y patrimoniales de la instituci\u00f3n, sus procedimientos en caja menuda, tesorer\u00eda y bienes patrimoniales de Estado.<\/p>\n<p>El Fiscal Superior Juan Lorenzo Ru\u00edz estuvo a cargo de un tema muy relevante para la instituci\u00f3n como lo es \u201cLa responsabilidad \u00e9tica, penal civil y administrativa del funcionario p\u00fablico\u201d destacando la importancia de conocer sobre los deberes que tenemos como funcionarios de hacer lo correcto en todos los procesos administrativos y judiciales a nuestro cargo.<\/p>\n<p>Y para finalizar la capacitaci\u00f3n la Fiscal Superior Lorenza Guti\u00e9rrez habl\u00f3 sobre los roles de los sujetos procesales y la participaci\u00f3n del funcionario administrativo como testigo, entrevistas y declaraciones judiciales, considerando la importancia de mantener la confidencialidad de la informaci\u00f3n procesal.<\/p>\n","protected":false},"excerpt":{"rendered":"<p>El Instituto Superior de Formaci\u00f3n de Fiscales, Dra. Clara Gonz\u00e1lez de Behringer, llev\u00f3 a cabo el d\u00eda 13 de agosto de 2026, la capacitaci\u00f3n denominada \u201cLa gesti\u00f3n administrativa en el Sistema Penal Acusatorio\u201d la cual reuni\u00f3 a funcionarios de \u00e1reas administrativas y judiciales de distintas partes del pa\u00eds. Como apoyo interinstitucional contamos la grata participaci\u00f3n [&hellip;]<\/p>\n","protected":false},"author":6,"featured_media":987503572,"comment_status":"closed","ping_status":"open","sticky":false,"template":"","format":"standard","meta":{"_acf_changed":false,"_et_pb_use_builder":"","_et_pb_old_content":"","_et_gb_content_width":"","footnotes":""},"categories":[21],"tags":[],"class_list":["post-987503577","post","type-post","status-publish","format-standard","has-post-thumbnail","hentry","category-noticias"],"acf":[],"_links":{"self":[{"href":"https:\/\/ministeriopublico.gob.pa\/instituto\/wp-json\/wp\/v2\/posts\/987503577","targetHints":{"allow":["GET"]}}],"collection":[{"href":"https:\/\/ministeriopublico.gob.pa\/instituto\/wp-json\/wp\/v2\/posts"}],"about":[{"href":"https:\/\/ministeriopublico.gob.pa\/instituto\/wp-json\/wp\/v2\/types\/post"}],"author":[{"embeddable":true,"href":"https:\/\/ministeriopublico.gob.pa\/instituto\/wp-json\/wp\/v2\/users\/6"}],"replies":[{"embeddable":true,"href":"https:\/\/ministeriopublico.gob.pa\/instituto\/wp-json\/wp\/v2\/comments?post=987503577"}],"version-history":[{"count":1,"href":"https:\/\/ministeriopublico.gob.pa\/instituto\/wp-json\/wp\/v2\/posts\/987503577\/revisions"}],"predecessor-version":[{"id":987503578,"href":"https:\/\/ministeriopublico.gob.pa\/instituto\/wp-json\/wp\/v2\/posts\/987503577\/revisions\/987503578"}],"wp:featuredmedia":[{"embeddable":true,"href":"https:\/\/ministeriopublico.gob.pa\/instituto\/wp-json\/wp\/v2\/media\/987503572"}],"wp:attachment":[{"href":"https:\/\/ministeriopublico.gob.pa\/instituto\/wp-json\/wp\/v2\/media?parent=987503577"}],"wp:term":[{"taxonomy":"category","embeddable":true,"href":"https:\/\/ministeriopublico.gob.pa\/instituto\/wp-json\/wp\/v2\/categories?post=987503577"},{"taxonomy":"post_tag","embeddable":true,"href":"https:\/\/ministeriopublico.gob.pa\/instituto\/wp-json\/wp\/v2\/tags?post=987503577"}],"curies":[{"name":"wp","href":"https:\/\/api.w.org\/{rel}","templated":true}]}}