{"id":987503543,"date":"2026-08-17T08:36:25","date_gmt":"2026-08-17T13:36:25","guid":{"rendered":"https:\/\/ministeriopublico.gob.pa\/instituto\/?p=987503543"},"modified":"2026-08-17T08:36:39","modified_gmt":"2026-08-17T13:36:39","slug":"fiscales-fortalecen-conocimientos-sobre-la-proteccion-de-la-victima-y-la-dignidad-del-imputado-en-el-acuerdo-de-pena","status":"publish","type":"post","link":"https:\/\/ministeriopublico.gob.pa\/instituto\/noticias\/fiscales-fortalecen-conocimientos-sobre-la-proteccion-de-la-victima-y-la-dignidad-del-imputado-en-el-acuerdo-de-pena\/","title":{"rendered":"Fiscales fortalecen conocimientos sobre la protecci\u00f3n de la v\u00edctima y la dignidad del imputado en el acuerdo de pena"},"content":{"rendered":"<style type=\"text\/css\">\n#foogallery-gallery-987503535 .fg-image { width: 640px; }<\/style>\n\t\t\t<div class=\"foogallery foogallery-container foogallery-image-viewer foogallery-link-image foogallery-lightbox-foogallery fg-center fg-image-viewer fg-ready fg-light fg-border-thin fg-round-small fg-shadow-outline fg-shadow-inset-large fg-loading-default fg-loaded-fade-in fg-hover-semi-zoomed fg-caption-always fg-hover-fade fg-hover-plus3\" id=\"foogallery-gallery-987503535\" data-foogallery=\"{&quot;panel&quot;:{&quot;buttons&quot;:{&quot;download&quot;:false}},&quot;item&quot;:{&quot;showCaptionTitle&quot;:true,&quot;showCaptionDescription&quot;:true},&quot;lazy&quot;:true,&quot;src&quot;:&quot;src&quot;,&quot;srcset&quot;:&quot;srcset&quot;,&quot;template&quot;:{&quot;loop&quot;:true,&quot;autoplay&quot;:0}}\" data-foogallery-lightbox=\"{&quot;thumbs&quot;:&quot;bottom&quot;,&quot;thumbsCaptions&quot;:false,&quot;thumbsBestFit&quot;:false,&quot;thumbsSmall&quot;:false,&quot;thumbsCaptionsAlign&quot;:&quot;default&quot;,&quot;info&quot;:&quot;bottom&quot;,&quot;infoVisible&quot;:true,&quot;infoOverlay&quot;:true,&quot;infoAlign&quot;:&quot;default&quot;,&quot;transition&quot;:&quot;fade&quot;,&quot;hoverButtons&quot;:false,&quot;fitMedia&quot;:false,&quot;noScrollbars&quot;:true,&quot;preserveButtonSpace&quot;:true,&quot;buttons&quot;:{&quot;fullscreen&quot;:true,&quot;info&quot;:true,&quot;thumbs&quot;:false,&quot;download&quot;:false},&quot;video&quot;:{&quot;autoPlay&quot;:true}}\" style=\"--fg-title-line-clamp: 1; --fg-description-line-clamp: 2;\" >\n\t<div class=\"fiv-inner\">\n\t\t<div class=\"fiv-inner-container\">\n\t\t\t<div class=\"fg-item fg-type-image fg-loading\"><figure class=\"fg-item-inner\"><a href=\"https:\/\/ministeriopublico.gob.pa\/instituto\/wp-content\/uploads\/2026\/08\/WhatsApp-Image-2026-08-11-at-2.29.26-PM-1.jpeg\" data-attachment-id=\"987503536\" data-type=\"image\" class=\"fg-thumb\"><span class=\"fg-image-wrap\"><img src=\"https:\/\/ministeriopublico.gob.pa\/instituto\/wp-content\/uploads\/cache\/2026\/08\/WhatsApp-Image-2026-08-11-at-2_29_26-PM-1\/2764469002.jpeg\" width=\"640\" height=\"360\" class=\"skip-lazy fg-image\" decoding=\"async\" loading=\"lazy\"><\/span><span class=\"fg-image-overlay\"><\/span><\/a><\/figure><div class=\"fg-loader\"><\/div><\/div><div class=\"fg-item fg-type-image fg-loading\"><figure class=\"fg-item-inner\"><a href=\"https:\/\/ministeriopublico.gob.pa\/instituto\/wp-content\/uploads\/2026\/08\/WhatsApp-Image-2026-08-11-at-2.29.26-PM-2.jpeg\" data-attachment-id=\"987503537\" data-type=\"image\" class=\"fg-thumb\"><span class=\"fg-image-wrap\"><img src=\"https:\/\/ministeriopublico.gob.pa\/instituto\/wp-content\/uploads\/cache\/2026\/08\/WhatsApp-Image-2026-08-11-at-2_29_26-PM-2\/3480618763.jpeg\" width=\"640\" height=\"360\" class=\"skip-lazy fg-image\" decoding=\"async\" loading=\"lazy\"><\/span><span class=\"fg-image-overlay\"><\/span><\/a><\/figure><div class=\"fg-loader\"><\/div><\/div><div class=\"fg-item fg-type-image fg-loading\"><figure class=\"fg-item-inner\"><a href=\"https:\/\/ministeriopublico.gob.pa\/instituto\/wp-content\/uploads\/2026\/08\/WhatsApp-Image-2026-08-11-at-2.30.03-PM-1.jpeg\" data-attachment-id=\"987503539\" data-type=\"image\" class=\"fg-thumb\"><span class=\"fg-image-wrap\"><img src=\"https:\/\/ministeriopublico.gob.pa\/instituto\/wp-content\/uploads\/cache\/2026\/08\/WhatsApp-Image-2026-08-11-at-2_30_03-PM-1\/2679975476.jpeg\" width=\"640\" height=\"360\" class=\"skip-lazy fg-image\" decoding=\"async\" loading=\"lazy\"><\/span><span class=\"fg-image-overlay\"><\/span><\/a><\/figure><div class=\"fg-loader\"><\/div><\/div><div class=\"fg-item fg-type-image fg-loading\"><figure class=\"fg-item-inner\"><a href=\"https:\/\/ministeriopublico.gob.pa\/instituto\/wp-content\/uploads\/2026\/08\/WhatsApp-Image-2026-08-11-at-2.37.44-PM-1.jpeg\" data-attachment-id=\"987503540\" data-type=\"image\" class=\"fg-thumb\"><span class=\"fg-image-wrap\"><img src=\"https:\/\/ministeriopublico.gob.pa\/instituto\/wp-content\/uploads\/cache\/2026\/08\/WhatsApp-Image-2026-08-11-at-2_37_44-PM-1\/2646161118.jpeg\" width=\"640\" height=\"360\" class=\"skip-lazy fg-image\" decoding=\"async\" loading=\"lazy\"><\/span><span class=\"fg-image-overlay\"><\/span><\/a><\/figure><div class=\"fg-loader\"><\/div><\/div><div class=\"fg-item fg-type-image fg-loading\"><figure class=\"fg-item-inner\"><a href=\"https:\/\/ministeriopublico.gob.pa\/instituto\/wp-content\/uploads\/2026\/08\/WhatsApp-Image-2026-08-11-at-3.54.00-PM.jpeg\" data-attachment-id=\"987503541\" data-type=\"image\" class=\"fg-thumb\"><span class=\"fg-image-wrap\"><img src=\"https:\/\/ministeriopublico.gob.pa\/instituto\/wp-content\/uploads\/cache\/2026\/08\/WhatsApp-Image-2026-08-11-at-3_54_00-PM\/112795327.jpeg\" width=\"640\" height=\"360\" class=\"skip-lazy fg-image\" decoding=\"async\" loading=\"lazy\"><\/span><span class=\"fg-image-overlay\"><\/span><\/a><\/figure><div class=\"fg-loader\"><\/div><\/div><div class=\"fg-item fg-type-image fg-loading\"><figure class=\"fg-item-inner\"><a href=\"https:\/\/ministeriopublico.gob.pa\/instituto\/wp-content\/uploads\/2026\/08\/WhatsApp-Image-2026-08-11-at-3.54.11-PM.jpeg\" data-attachment-id=\"987503542\" data-type=\"image\" class=\"fg-thumb\"><span class=\"fg-image-wrap\"><img src=\"https:\/\/ministeriopublico.gob.pa\/instituto\/wp-content\/uploads\/cache\/2026\/08\/WhatsApp-Image-2026-08-11-at-3_54_11-PM\/1803954381.jpeg\" width=\"640\" height=\"360\" class=\"skip-lazy fg-image\" decoding=\"async\" loading=\"lazy\"><\/span><span class=\"fg-image-overlay\"><\/span><\/a><\/figure><div class=\"fg-loader\"><\/div><\/div>\t\t<\/div>\n\t\t<div class=\"fiv-ctrls\">\n\t\t\t<button type=\"button\" class=\"fiv-prev\" title=\"Anterior\"><span>Anterior<\/span><\/button>\n\t\t\t<label class=\"fiv-count\"><span class=\"fiv-count-current\">1<\/span>de<span class=\"fiv-count-total\">6<\/span><\/label>\n\t\t\t<button type=\"button\" class=\"fiv-next\" title=\"Siguiente\"><span>Siguiente<\/span><\/button>\n\t\t<\/div>\n\t<\/div>\n<\/div>\n\n<p>El Instituto Superior de Formaci\u00f3n de Fiscales \u201cDra. Clara Gonz\u00e1lez de Behringer\u201d realiz\u00f3 la conferencia denominada <strong>\u201c<\/strong>El rol del Fiscal en la protecci\u00f3n integral de la v\u00edctima y la dignidad del imputado en el acuerdo de pena<strong>\u201d<\/strong>, con la participaci\u00f3n de fiscales de circuito de distintas secciones y fiscal\u00edas especializadas del Ministerio P\u00fablico.<\/p>\n<p>Las palabras de apertura estuvieron a cargo de la secretaria general del Ministerio P\u00fablico, licenciada Anil\u00fa Batista, quien destac\u00f3 la importancia de fortalecer la preparaci\u00f3n de los fiscales y de mantener, en cada actuaci\u00f3n, un adecuado equilibrio entre la protecci\u00f3n de los derechos de la v\u00edctima y el respeto de los derechos y la dignidad del imputado, mediante una labor objetiva, sensible y consciente de las consecuencias que las decisiones judiciales tienen sobre las personas.<\/p>\n<p>La conferencia fue impartida por el Dr. Juan Carlos Riofr\u00edo Mart\u00ednez-Villalba, profesor de The Catholic University of America, en Washington, D.C., doctor en Jurisprudencia y en Derecho Can\u00f3nico, con una destacada trayectoria acad\u00e9mica en derechos humanos, derecho constitucional, teor\u00eda del derecho y argumentaci\u00f3n jur\u00eddica.<\/p>\n<p>Durante su exposici\u00f3n, el Dr. Riofr\u00edo analiz\u00f3 las distintas funciones que intervienen en el sistema de justicia y destac\u00f3 que la misi\u00f3n del fiscal debe orientarse a la protecci\u00f3n del bien com\u00fan, los derechos fundamentales, los bienes jur\u00eddicos y la paz social. Asimismo, abord\u00f3 la importancia de que los acuerdos de pena constituyan soluciones jur\u00eddicamente responsables y dignas, capaces de atender los intereses leg\u00edtimos de las partes sin reducir la funci\u00f3n fiscal a la simple obtenci\u00f3n de condenas.<\/p>\n<p>El conferencista tambi\u00e9n reflexion\u00f3 sobre la necesidad de evitar actuaciones marcadas por la inacci\u00f3n, la negligencia o intereses contrarios a la misi\u00f3n institucional, y plante\u00f3 un cambio de paradigma que permita al fiscal actuar como agente de paz, mediante la focalizaci\u00f3n estrat\u00e9gica de los casos, el di\u00e1logo, el discernimiento \u00e9tico y la b\u00fasqueda de soluciones que favorezcan la reparaci\u00f3n, la reinserci\u00f3n y la justicia.<\/p>\n<p>La actividad cont\u00f3, adem\u00e1s, con la participaci\u00f3n del Licdo. Alberto Quir\u00f3s, en representaci\u00f3n del Instituto Colombo Paname\u00f1o de Derecho Procesal, organizaci\u00f3n que mantiene compromisos de colaboraci\u00f3n acad\u00e9mica con el Ministerio P\u00fablico para promover el intercambio de conocimientos y el fortalecimiento profesional de sus funcionarios.<\/p>\n","protected":false},"excerpt":{"rendered":"<p>El Instituto Superior de Formaci\u00f3n de Fiscales \u201cDra. Clara Gonz\u00e1lez de Behringer\u201d realiz\u00f3 la conferencia denominada \u201cEl rol del Fiscal en la protecci\u00f3n integral de la v\u00edctima y la dignidad del imputado en el acuerdo de pena\u201d, con la participaci\u00f3n de fiscales de circuito de distintas secciones y fiscal\u00edas especializadas del Ministerio P\u00fablico. Las palabras [&hellip;]<\/p>\n","protected":false},"author":6,"featured_media":987503540,"comment_status":"closed","ping_status":"open","sticky":false,"template":"","format":"standard","meta":{"_acf_changed":false,"_et_pb_use_builder":"","_et_pb_old_content":"","_et_gb_content_width":"","footnotes":""},"categories":[21],"tags":[],"class_list":["post-987503543","post","type-post","status-publish","format-standard","has-post-thumbnail","hentry","category-noticias"],"acf":[],"_links":{"self":[{"href":"https:\/\/ministeriopublico.gob.pa\/instituto\/wp-json\/wp\/v2\/posts\/987503543","targetHints":{"allow":["GET"]}}],"collection":[{"href":"https:\/\/ministeriopublico.gob.pa\/instituto\/wp-json\/wp\/v2\/posts"}],"about":[{"href":"https:\/\/ministeriopublico.gob.pa\/instituto\/wp-json\/wp\/v2\/types\/post"}],"author":[{"embeddable":true,"href":"https:\/\/ministeriopublico.gob.pa\/instituto\/wp-json\/wp\/v2\/users\/6"}],"replies":[{"embeddable":true,"href":"https:\/\/ministeriopublico.gob.pa\/instituto\/wp-json\/wp\/v2\/comments?post=987503543"}],"version-history":[{"count":1,"href":"https:\/\/ministeriopublico.gob.pa\/instituto\/wp-json\/wp\/v2\/posts\/987503543\/revisions"}],"predecessor-version":[{"id":987503544,"href":"https:\/\/ministeriopublico.gob.pa\/instituto\/wp-json\/wp\/v2\/posts\/987503543\/revisions\/987503544"}],"wp:featuredmedia":[{"embeddable":true,"href":"https:\/\/ministeriopublico.gob.pa\/instituto\/wp-json\/wp\/v2\/media\/987503540"}],"wp:attachment":[{"href":"https:\/\/ministeriopublico.gob.pa\/instituto\/wp-json\/wp\/v2\/media?parent=987503543"}],"wp:term":[{"taxonomy":"category","embeddable":true,"href":"https:\/\/ministeriopublico.gob.pa\/instituto\/wp-json\/wp\/v2\/categories?post=987503543"},{"taxonomy":"post_tag","embeddable":true,"href":"https:\/\/ministeriopublico.gob.pa\/instituto\/wp-json\/wp\/v2\/tags?post=987503543"}],"curies":[{"name":"wp","href":"https:\/\/api.w.org\/{rel}","templated":true}]}}