{"id":987503533,"date":"2026-08-17T08:31:29","date_gmt":"2026-08-17T13:31:29","guid":{"rendered":"https:\/\/ministeriopublico.gob.pa\/instituto\/?p=987503533"},"modified":"2026-08-17T08:31:29","modified_gmt":"2026-08-17T13:31:29","slug":"seminario-de-rol-de-la-unidad-de-analisis-delictivo","status":"publish","type":"post","link":"https:\/\/ministeriopublico.gob.pa\/instituto\/noticias\/seminario-de-rol-de-la-unidad-de-analisis-delictivo\/","title":{"rendered":"Seminario de Rol de la Unidad de An\u00e1lisis Delictivo"},"content":{"rendered":"<style type=\"text\/css\">\n#foogallery-gallery-987503529 .fg-image { width: 640px; }<\/style>\n\t\t\t<div class=\"foogallery foogallery-container foogallery-image-viewer foogallery-link-image foogallery-lightbox-foogallery fg-center fg-image-viewer fg-ready fg-light fg-border-thin fg-round-small fg-shadow-outline fg-shadow-inset-large fg-loading-default fg-loaded-fade-in fg-hover-semi-zoomed fg-caption-always fg-hover-fade fg-hover-plus3\" id=\"foogallery-gallery-987503529\" data-foogallery=\"{&quot;panel&quot;:{&quot;buttons&quot;:{&quot;download&quot;:false}},&quot;item&quot;:{&quot;showCaptionTitle&quot;:true,&quot;showCaptionDescription&quot;:true},&quot;lazy&quot;:true,&quot;src&quot;:&quot;src&quot;,&quot;srcset&quot;:&quot;srcset&quot;,&quot;template&quot;:{&quot;loop&quot;:true,&quot;autoplay&quot;:0}}\" data-foogallery-lightbox=\"{&quot;thumbs&quot;:&quot;bottom&quot;,&quot;thumbsCaptions&quot;:false,&quot;thumbsBestFit&quot;:false,&quot;thumbsSmall&quot;:false,&quot;thumbsCaptionsAlign&quot;:&quot;default&quot;,&quot;info&quot;:&quot;bottom&quot;,&quot;infoVisible&quot;:true,&quot;infoOverlay&quot;:true,&quot;infoAlign&quot;:&quot;default&quot;,&quot;transition&quot;:&quot;fade&quot;,&quot;hoverButtons&quot;:false,&quot;fitMedia&quot;:false,&quot;noScrollbars&quot;:true,&quot;preserveButtonSpace&quot;:true,&quot;buttons&quot;:{&quot;fullscreen&quot;:true,&quot;info&quot;:true,&quot;thumbs&quot;:false,&quot;download&quot;:false},&quot;video&quot;:{&quot;autoPlay&quot;:true}}\" style=\"--fg-title-line-clamp: 1; --fg-description-line-clamp: 2;\" >\n\t<div class=\"fiv-inner\">\n\t\t<div class=\"fiv-inner-container\">\n\t\t\t<div class=\"fg-item fg-type-image fg-loading\"><figure class=\"fg-item-inner\"><a href=\"https:\/\/ministeriopublico.gob.pa\/instituto\/wp-content\/uploads\/2026\/08\/IMG_9146-scaled.jpg\" data-attachment-id=\"987503532\" data-type=\"image\" class=\"fg-thumb\"><span class=\"fg-image-wrap\"><img src=\"https:\/\/ministeriopublico.gob.pa\/instituto\/wp-content\/uploads\/cache\/2026\/08\/IMG_9146-scaled\/2018070114.jpg\" width=\"640\" height=\"360\" class=\"skip-lazy fg-image\" decoding=\"async\" loading=\"lazy\"><\/span><span class=\"fg-image-overlay\"><\/span><\/a><\/figure><div class=\"fg-loader\"><\/div><\/div><div class=\"fg-item fg-type-image fg-loading\"><figure class=\"fg-item-inner\"><a href=\"https:\/\/ministeriopublico.gob.pa\/instituto\/wp-content\/uploads\/2026\/08\/IMG_9141-scaled.jpg\" data-attachment-id=\"987503530\" data-type=\"image\" class=\"fg-thumb\"><span class=\"fg-image-wrap\"><img src=\"https:\/\/ministeriopublico.gob.pa\/instituto\/wp-content\/uploads\/cache\/2026\/08\/IMG_9141-scaled\/3360173194.jpg\" width=\"640\" height=\"360\" class=\"skip-lazy fg-image\" decoding=\"async\" loading=\"lazy\"><\/span><span class=\"fg-image-overlay\"><\/span><\/a><\/figure><div class=\"fg-loader\"><\/div><\/div>\t\t<\/div>\n\t\t<div class=\"fiv-ctrls\">\n\t\t\t<button type=\"button\" class=\"fiv-prev\" title=\"Anterior\"><span>Anterior<\/span><\/button>\n\t\t\t<label class=\"fiv-count\"><span class=\"fiv-count-current\">1<\/span>de<span class=\"fiv-count-total\">2<\/span><\/label>\n\t\t\t<button type=\"button\" class=\"fiv-next\" title=\"Siguiente\"><span>Siguiente<\/span><\/button>\n\t\t<\/div>\n\t<\/div>\n<\/div>\n\n<p>El 10 de agosto de 2026, el Instituto Superior de Formaci\u00f3n de Fiscales, Dra. Clara Gonz\u00e1lez de Behringer, realiz\u00f3 seminario denominado \u201cRol de la Unidad de An\u00e1lisis Delictivo\u201d reuniendo a funcionarios de diferentes provincias con el prop\u00f3sito de que conocieran m\u00e1s sobre esta unidad que funge como apoyo investigativo para los diferentes despachos.<\/p>\n<p>En ese sentido, el Coordinador de la Unidad de An\u00e1lisis Delictivo, Jos\u00e9 Mar\u00eda Ju\u00e1rez, dio inicio al seminario detallando la misi\u00f3n, visi\u00f3n y objetivo bas\u00e1ndose en el marco jur\u00eddico. As\u00ed mismo, la licenciada Rubiela De Gracia, se\u00f1al\u00f3 cu\u00e1l es el procedimiento que se debe llevar para solicitar el apoyo a la unidad, c\u00f3mo se generan las solicitudes y el tiempo de b\u00fasquedas aproximado.<\/p>\n<p>El licenciado Jorge Tapia, analista de casos, comparti\u00f3 c\u00f3mo clasifican los casos una vez recibido formalmente y qu\u00e9 respuesta pueden obtener del mismo.<\/p>\n<p>Sobre el an\u00e1lisis de cibercrimen, contamos con la participaci\u00f3n de la ingeniera Aixa Ru\u00edz, quien realiz\u00f3 una secuencia de c\u00f3mo la investigaci\u00f3n en fuentes abiertas debe ser cuidadosa al momento de manejar informaci\u00f3n sensitiva, sobre todo cuando se trata de dar con una persona investigada.<\/p>\n<p>Por su parte la licenciada Yazbek Victoria, se refiri\u00f3 a fen\u00f3menos criminales, lugares con m\u00e1s incidencia, tanto por sexo, edad y etnia, como por los delitos m\u00e1s cometidos a nivel nacional.<\/p>\n<p>Para cerrar el seminario se mostraron algunos casos exitosos donde gracias al apoyo de la Unidad de An\u00e1lisis Delictivo se ha logrado dar con la vinculaci\u00f3n en diferentes casos y hasta con el paradero de otros.<\/p>\n","protected":false},"excerpt":{"rendered":"<p>El 10 de agosto de 2026, el Instituto Superior de Formaci\u00f3n de Fiscales, Dra. Clara Gonz\u00e1lez de Behringer, realiz\u00f3 seminario denominado \u201cRol de la Unidad de An\u00e1lisis Delictivo\u201d reuniendo a funcionarios de diferentes provincias con el prop\u00f3sito de que conocieran m\u00e1s sobre esta unidad que funge como apoyo investigativo para los diferentes despachos. En ese [&hellip;]<\/p>\n","protected":false},"author":6,"featured_media":987503532,"comment_status":"closed","ping_status":"open","sticky":false,"template":"","format":"standard","meta":{"_acf_changed":false,"_et_pb_use_builder":"","_et_pb_old_content":"","_et_gb_content_width":"","footnotes":""},"categories":[21],"tags":[],"class_list":["post-987503533","post","type-post","status-publish","format-standard","has-post-thumbnail","hentry","category-noticias"],"acf":[],"_links":{"self":[{"href":"https:\/\/ministeriopublico.gob.pa\/instituto\/wp-json\/wp\/v2\/posts\/987503533","targetHints":{"allow":["GET"]}}],"collection":[{"href":"https:\/\/ministeriopublico.gob.pa\/instituto\/wp-json\/wp\/v2\/posts"}],"about":[{"href":"https:\/\/ministeriopublico.gob.pa\/instituto\/wp-json\/wp\/v2\/types\/post"}],"author":[{"embeddable":true,"href":"https:\/\/ministeriopublico.gob.pa\/instituto\/wp-json\/wp\/v2\/users\/6"}],"replies":[{"embeddable":true,"href":"https:\/\/ministeriopublico.gob.pa\/instituto\/wp-json\/wp\/v2\/comments?post=987503533"}],"version-history":[{"count":1,"href":"https:\/\/ministeriopublico.gob.pa\/instituto\/wp-json\/wp\/v2\/posts\/987503533\/revisions"}],"predecessor-version":[{"id":987503534,"href":"https:\/\/ministeriopublico.gob.pa\/instituto\/wp-json\/wp\/v2\/posts\/987503533\/revisions\/987503534"}],"wp:featuredmedia":[{"embeddable":true,"href":"https:\/\/ministeriopublico.gob.pa\/instituto\/wp-json\/wp\/v2\/media\/987503532"}],"wp:attachment":[{"href":"https:\/\/ministeriopublico.gob.pa\/instituto\/wp-json\/wp\/v2\/media?parent=987503533"}],"wp:term":[{"taxonomy":"category","embeddable":true,"href":"https:\/\/ministeriopublico.gob.pa\/instituto\/wp-json\/wp\/v2\/categories?post=987503533"},{"taxonomy":"post_tag","embeddable":true,"href":"https:\/\/ministeriopublico.gob.pa\/instituto\/wp-json\/wp\/v2\/tags?post=987503533"}],"curies":[{"name":"wp","href":"https:\/\/api.w.org\/{rel}","templated":true}]}}