{"id":987502610,"date":"2026-04-28T14:02:15","date_gmt":"2026-04-28T19:02:15","guid":{"rendered":"https:\/\/ministeriopublico.gob.pa\/instituto\/?p=987502610"},"modified":"2026-04-28T14:02:15","modified_gmt":"2026-04-28T19:02:15","slug":"sociedades-anonimas-y-fundaciones-de-interes-privado","status":"publish","type":"post","link":"https:\/\/ministeriopublico.gob.pa\/instituto\/noticias\/sociedades-anonimas-y-fundaciones-de-interes-privado\/","title":{"rendered":"Sociedades An\u00f3nimas y Fundaciones de Inter\u00e9s Privado"},"content":{"rendered":"<style type=\"text\/css\">\n#foogallery-gallery-987502609 .fg-image { width: 640px; }<\/style>\n\t\t\t<div class=\"foogallery foogallery-container foogallery-image-viewer foogallery-link-image foogallery-lightbox-foogallery fg-center fg-image-viewer fg-ready fg-light fg-border-thin fg-round-small fg-shadow-outline fg-shadow-inset-large fg-loading-default fg-loaded-fade-in fg-hover-semi-zoomed fg-caption-always fg-hover-fade fg-hover-plus3\" id=\"foogallery-gallery-987502609\" data-foogallery=\"{&quot;panel&quot;:{&quot;buttons&quot;:{&quot;download&quot;:false}},&quot;item&quot;:{&quot;showCaptionTitle&quot;:true,&quot;showCaptionDescription&quot;:true},&quot;lazy&quot;:true,&quot;template&quot;:{&quot;loop&quot;:true}}\" data-foogallery-lightbox=\"{&quot;thumbs&quot;:&quot;bottom&quot;,&quot;thumbsCaptions&quot;:false,&quot;thumbsBestFit&quot;:false,&quot;thumbsSmall&quot;:false,&quot;thumbsCaptionsAlign&quot;:&quot;default&quot;,&quot;info&quot;:&quot;bottom&quot;,&quot;infoVisible&quot;:true,&quot;infoOverlay&quot;:true,&quot;infoAlign&quot;:&quot;default&quot;,&quot;transition&quot;:&quot;fade&quot;,&quot;hoverButtons&quot;:false,&quot;fitMedia&quot;:false,&quot;noScrollbars&quot;:true,&quot;preserveButtonSpace&quot;:true,&quot;buttons&quot;:{&quot;fullscreen&quot;:true,&quot;info&quot;:true,&quot;thumbs&quot;:false,&quot;download&quot;:false},&quot;video&quot;:{&quot;autoPlay&quot;:true}}\" style=\"--fg-title-line-clamp: 1; --fg-description-line-clamp: 2;\" >\n\t<div class=\"fiv-inner\">\n\t\t<div class=\"fiv-inner-container\">\n\t\t\t<div class=\"fg-item fg-type-image fg-idle\"><figure class=\"fg-item-inner\"><a href=\"https:\/\/ministeriopublico.gob.pa\/instituto\/wp-content\/uploads\/2026\/04\/SOCIEDADES-ANONIMAS-Y-FUNDACIONES-DE-INTERES-PRIVADO-21ABR26-1.jpg\" data-attachment-id=\"987502611\" data-type=\"image\" class=\"fg-thumb\"><span class=\"fg-image-wrap\"><img fetchpriority=\"high\" decoding=\"async\" width=\"640\" height=\"360\" class=\"skip-lazy fg-image\" data-src-fg=\"https:\/\/ministeriopublico.gob.pa\/instituto\/wp-content\/uploads\/cache\/2026\/04\/SOCIEDADES-ANONIMAS-Y-FUNDACIONES-DE-INTERES-PRIVADO-21ABR26-1\/1234728335.jpg\" src=\"data:image\/svg+xml,%3Csvg%20xmlns%3D%22http%3A%2F%2Fwww.w3.org%2F2000%2Fsvg%22%20width%3D%22640%22%20height%3D%22360%22%20viewBox%3D%220%200%20640%20360%22%3E%3C%2Fsvg%3E\" loading=\"eager\"><\/span><span class=\"fg-image-overlay\"><\/span><\/a><\/figure><div class=\"fg-loader\"><\/div><\/div><div class=\"fg-item fg-type-image fg-idle\"><figure class=\"fg-item-inner\"><a href=\"https:\/\/ministeriopublico.gob.pa\/instituto\/wp-content\/uploads\/2026\/04\/SOCIEDADES-ANONIMAS-Y-FUNDACIONES-DE-INTERES-PRIVADO-21ABR26-2.jpg\" data-attachment-id=\"987502612\" data-type=\"image\" class=\"fg-thumb\"><span class=\"fg-image-wrap\"><img decoding=\"async\" width=\"640\" height=\"360\" class=\"skip-lazy fg-image\" data-src-fg=\"https:\/\/ministeriopublico.gob.pa\/instituto\/wp-content\/uploads\/cache\/2026\/04\/SOCIEDADES-ANONIMAS-Y-FUNDACIONES-DE-INTERES-PRIVADO-21ABR26-2\/751254932.jpg\" src=\"data:image\/svg+xml,%3Csvg%20xmlns%3D%22http%3A%2F%2Fwww.w3.org%2F2000%2Fsvg%22%20width%3D%22640%22%20height%3D%22360%22%20viewBox%3D%220%200%20640%20360%22%3E%3C%2Fsvg%3E\" loading=\"eager\"><\/span><span class=\"fg-image-overlay\"><\/span><\/a><\/figure><div class=\"fg-loader\"><\/div><\/div><div class=\"fg-item fg-type-image fg-idle\"><figure class=\"fg-item-inner\"><a href=\"https:\/\/ministeriopublico.gob.pa\/instituto\/wp-content\/uploads\/2026\/04\/SOCIEDADES-ANONIMAS-Y-FUNDACIONES-DE-INTERES-PRIVADO-21ABR26-3.jpg\" data-attachment-id=\"987502613\" data-type=\"image\" class=\"fg-thumb\"><span class=\"fg-image-wrap\"><img decoding=\"async\" width=\"640\" height=\"360\" class=\"skip-lazy fg-image\" data-src-fg=\"https:\/\/ministeriopublico.gob.pa\/instituto\/wp-content\/uploads\/cache\/2026\/04\/SOCIEDADES-ANONIMAS-Y-FUNDACIONES-DE-INTERES-PRIVADO-21ABR26-3\/267519389.jpg\" src=\"data:image\/svg+xml,%3Csvg%20xmlns%3D%22http%3A%2F%2Fwww.w3.org%2F2000%2Fsvg%22%20width%3D%22640%22%20height%3D%22360%22%20viewBox%3D%220%200%20640%20360%22%3E%3C%2Fsvg%3E\" loading=\"eager\"><\/span><span class=\"fg-image-overlay\"><\/span><\/a><\/figure><div class=\"fg-loader\"><\/div><\/div><div class=\"fg-item fg-type-image fg-idle\"><figure class=\"fg-item-inner\"><a href=\"https:\/\/ministeriopublico.gob.pa\/instituto\/wp-content\/uploads\/2026\/04\/SOCIEDADES-ANONIMAS-Y-FUNDACIONES-DE-INTERES-PRIVADO-21ABR26-4.jpg\" data-attachment-id=\"987502614\" data-type=\"image\" class=\"fg-thumb\"><span class=\"fg-image-wrap\"><img decoding=\"async\" width=\"640\" height=\"360\" class=\"skip-lazy fg-image\" data-src-fg=\"https:\/\/ministeriopublico.gob.pa\/instituto\/wp-content\/uploads\/cache\/2026\/04\/SOCIEDADES-ANONIMAS-Y-FUNDACIONES-DE-INTERES-PRIVADO-21ABR26-4\/3866733986.jpg\" src=\"data:image\/svg+xml,%3Csvg%20xmlns%3D%22http%3A%2F%2Fwww.w3.org%2F2000%2Fsvg%22%20width%3D%22640%22%20height%3D%22360%22%20viewBox%3D%220%200%20640%20360%22%3E%3C%2Fsvg%3E\" loading=\"eager\"><\/span><span class=\"fg-image-overlay\"><\/span><\/a><\/figure><div class=\"fg-loader\"><\/div><\/div><div class=\"fg-item fg-type-image fg-idle\"><figure class=\"fg-item-inner\"><a href=\"https:\/\/ministeriopublico.gob.pa\/instituto\/wp-content\/uploads\/2026\/04\/SOCIEDADES-ANONIMAS-Y-FUNDACIONES-DE-INTERES-PRIVADO-21ABR26-5.jpg\" data-attachment-id=\"987502615\" data-type=\"image\" class=\"fg-thumb\"><span class=\"fg-image-wrap\"><img decoding=\"async\" width=\"640\" height=\"360\" class=\"skip-lazy fg-image\" data-src-fg=\"https:\/\/ministeriopublico.gob.pa\/instituto\/wp-content\/uploads\/cache\/2026\/04\/SOCIEDADES-ANONIMAS-Y-FUNDACIONES-DE-INTERES-PRIVADO-21ABR26-5\/3310130603.jpg\" src=\"data:image\/svg+xml,%3Csvg%20xmlns%3D%22http%3A%2F%2Fwww.w3.org%2F2000%2Fsvg%22%20width%3D%22640%22%20height%3D%22360%22%20viewBox%3D%220%200%20640%20360%22%3E%3C%2Fsvg%3E\" loading=\"eager\"><\/span><span class=\"fg-image-overlay\"><\/span><\/a><\/figure><div class=\"fg-loader\"><\/div><\/div><div class=\"fg-item fg-type-image fg-idle\"><figure class=\"fg-item-inner\"><a href=\"https:\/\/ministeriopublico.gob.pa\/instituto\/wp-content\/uploads\/2026\/04\/SOCIEDADES-ANONIMAS-Y-FUNDACIONES-DE-INTERES-PRIVADO-21ABR26-6.jpg\" data-attachment-id=\"987502616\" data-type=\"image\" class=\"fg-thumb\"><span class=\"fg-image-wrap\"><img decoding=\"async\" width=\"640\" height=\"360\" class=\"skip-lazy fg-image\" data-src-fg=\"https:\/\/ministeriopublico.gob.pa\/instituto\/wp-content\/uploads\/cache\/2026\/04\/SOCIEDADES-ANONIMAS-Y-FUNDACIONES-DE-INTERES-PRIVADO-21ABR26-6\/2685656496.jpg\" src=\"data:image\/svg+xml,%3Csvg%20xmlns%3D%22http%3A%2F%2Fwww.w3.org%2F2000%2Fsvg%22%20width%3D%22640%22%20height%3D%22360%22%20viewBox%3D%220%200%20640%20360%22%3E%3C%2Fsvg%3E\" loading=\"eager\"><\/span><span class=\"fg-image-overlay\"><\/span><\/a><\/figure><div class=\"fg-loader\"><\/div><\/div><div class=\"fg-item fg-type-image fg-idle\"><figure class=\"fg-item-inner\"><a href=\"https:\/\/ministeriopublico.gob.pa\/instituto\/wp-content\/uploads\/2026\/04\/SOCIEDADES-ANONIMAS-Y-FUNDACIONES-DE-INTERES-PRIVADO-21ABR26-7.jpg\" data-attachment-id=\"987502617\" data-type=\"image\" class=\"fg-thumb\"><span class=\"fg-image-wrap\"><img decoding=\"async\" width=\"640\" height=\"360\" class=\"skip-lazy fg-image\" data-src-fg=\"https:\/\/ministeriopublico.gob.pa\/instituto\/wp-content\/uploads\/cache\/2026\/04\/SOCIEDADES-ANONIMAS-Y-FUNDACIONES-DE-INTERES-PRIVADO-21ABR26-7\/2200364473.jpg\" src=\"data:image\/svg+xml,%3Csvg%20xmlns%3D%22http%3A%2F%2Fwww.w3.org%2F2000%2Fsvg%22%20width%3D%22640%22%20height%3D%22360%22%20viewBox%3D%220%200%20640%20360%22%3E%3C%2Fsvg%3E\" loading=\"eager\"><\/span><span class=\"fg-image-overlay\"><\/span><\/a><\/figure><div class=\"fg-loader\"><\/div><\/div><div class=\"fg-item fg-type-image fg-idle\"><figure class=\"fg-item-inner\"><a href=\"https:\/\/ministeriopublico.gob.pa\/instituto\/wp-content\/uploads\/2026\/04\/SOCIEDADES-ANONIMAS-Y-FUNDACIONES-DE-INTERES-PRIVADO-21ABR26-8.jpg\" data-attachment-id=\"987502618\" data-type=\"image\" class=\"fg-thumb\"><span class=\"fg-image-wrap\"><img decoding=\"async\" width=\"640\" height=\"360\" class=\"skip-lazy fg-image\" data-src-fg=\"https:\/\/ministeriopublico.gob.pa\/instituto\/wp-content\/uploads\/cache\/2026\/04\/SOCIEDADES-ANONIMAS-Y-FUNDACIONES-DE-INTERES-PRIVADO-21ABR26-8\/2826275727.jpg\" src=\"data:image\/svg+xml,%3Csvg%20xmlns%3D%22http%3A%2F%2Fwww.w3.org%2F2000%2Fsvg%22%20width%3D%22640%22%20height%3D%22360%22%20viewBox%3D%220%200%20640%20360%22%3E%3C%2Fsvg%3E\" loading=\"eager\"><\/span><span class=\"fg-image-overlay\"><\/span><\/a><\/figure><div class=\"fg-loader\"><\/div><\/div><div class=\"fg-item fg-type-image fg-idle\"><figure class=\"fg-item-inner\"><a href=\"https:\/\/ministeriopublico.gob.pa\/instituto\/wp-content\/uploads\/2026\/04\/SOCIEDADES-ANONIMAS-Y-FUNDACIONES-DE-INTERES-PRIVADO-21ABR26-9.jpg\" data-attachment-id=\"987502619\" data-type=\"image\" class=\"fg-thumb\"><span class=\"fg-image-wrap\"><img decoding=\"async\" width=\"640\" height=\"360\" class=\"skip-lazy fg-image\" data-src-fg=\"https:\/\/ministeriopublico.gob.pa\/instituto\/wp-content\/uploads\/cache\/2026\/04\/SOCIEDADES-ANONIMAS-Y-FUNDACIONES-DE-INTERES-PRIVADO-21ABR26-9\/2336273286.jpg\" src=\"data:image\/svg+xml,%3Csvg%20xmlns%3D%22http%3A%2F%2Fwww.w3.org%2F2000%2Fsvg%22%20width%3D%22640%22%20height%3D%22360%22%20viewBox%3D%220%200%20640%20360%22%3E%3C%2Fsvg%3E\" loading=\"eager\"><\/span><span class=\"fg-image-overlay\"><\/span><\/a><\/figure><div class=\"fg-loader\"><\/div><\/div>\t\t<\/div>\n\t\t<div class=\"fiv-ctrls\">\n\t\t\t<button type=\"button\" class=\"fiv-prev\" title=\"Anterior\"><span>Anterior<\/span><\/button>\n\t\t\t<label class=\"fiv-count\"><span class=\"fiv-count-current\">1<\/span>de<span class=\"fiv-count-total\">9<\/span><\/label>\n\t\t\t<button type=\"button\" class=\"fiv-next\" title=\"Siguiente\"><span>Siguiente<\/span><\/button>\n\t\t<\/div>\n\t<\/div>\n<\/div>\n<p>El Instituto Superior de Formaci\u00f3n de Fiscales realiza con \u00e9xito la actividad acad\u00e9mica denominada \u201cSociedades an\u00f3nimas y Fundaciones de inter\u00e9s privado\u201d dirigida a funcionarios de las distintas dependencias de nuestra instituci\u00f3n, con la finalidad de actualizar a los mismos sobre los aspectos constitutivos de las misma como estructuras mercantiles fundamentales que, si bien ofrecen beneficios leg\u00edtimos de administraci\u00f3n y protecci\u00f3n patrimonial, pueden ser utilizadas para actividades il\u00edcitas, lo que las sit\u00faa bajo la lupa del derecho penal paname\u00f1o.<\/p>\n<p>Luis Chalhoub, abogado y socio de la firma Icaza, Gonz\u00e1lez-Ruiz &amp; Alem\u00e1n, fue el encargado de dar inicio a la agenda acad\u00e9mica dispuesta para esta actividad, explicando a los presentes la naturaleza jur\u00eddica de la sociedad an\u00f3nima y su constituci\u00f3n, donde entre los puntos relevantes desarrollados, detall\u00f3 diferencias conceptuales y funcionales entre suscriptores, accionistas, directores y beneficiarios finales.<\/p>\n<p>Por su parte, Jorge Molina Mendoza, socio senior de la firma F\u00e1brega &amp; Molino, complement\u00f3 los aspectos puntuales y complementarios de las sociedades an\u00f3nimas, exponiendo los deberes y derechos emanados de las juntas de accionistas como \u00f3rgano supremo, la junta directiva y los dignatarios.<\/p>\n<p>Destacamos, la participaci\u00f3n del fiscal superior de la Fiscal\u00eda Superior de Asuntos Civiles y Jurisdicciones Especiales, Juan Lorenzo Ru\u00edz, quien desarroll\u00f3 el tema sobre capital social, acciones y titularidad.<\/p>\n<p>Complementaron la primera jornada de esta actividad: Yaribeth Ortiz, en representaci\u00f3n de la Superintendencia de Sujetos No Financieros, Reinaldo Achurra del Colegio Nacional de Abogados y Janeth Torres, Magistrada Presidenta del Primer Tribunal Superior Civil de Panam\u00e1, esta \u00faltima, expuso lo atinente al levantamiento del velo corporativo, tema que fue de inter\u00e9s entre los participantes.<\/p>\n<p>Juan Pablo F\u00e1brega, abogado y perito en derecho comercial y derechos societario paname\u00f1o y de fundaci\u00f3n de inter\u00e9s privado en procesos judiciales y arbitrales, expuso la tem\u00e1tica sobre las Fundaciones de inter\u00e9s privado en general. Dalys Ortega, Jose Chan Camarena y el perito de Documentologia Forense, Dario Cerrud culminaron la tem\u00e1tica complementaria a esta jornada.<\/p>\n<p>De esta manera, el Ministerio P\u00fablico a trav\u00e9s del Instituto Superior de Formaci\u00f3n de Fiscales, reafirma su compromiso institucional en la capacitaci\u00f3n de temas de alta relevancia en nuestra actualidad jur\u00eddica nacional.<\/p>\n","protected":false},"excerpt":{"rendered":"<p>El Instituto Superior de Formaci\u00f3n de Fiscales realiza con \u00e9xito la actividad acad\u00e9mica denominada \u201cSociedades an\u00f3nimas y Fundaciones de inter\u00e9s privado\u201d dirigida a funcionarios de las distintas dependencias de nuestra instituci\u00f3n, con la finalidad de actualizar a los mismos sobre los aspectos constitutivos de las misma como estructuras mercantiles fundamentales que, si bien ofrecen beneficios [&hellip;]<\/p>\n","protected":false},"author":5,"featured_media":987502615,"comment_status":"closed","ping_status":"open","sticky":false,"template":"","format":"standard","meta":{"_acf_changed":false,"_et_pb_use_builder":"","_et_pb_old_content":"","_et_gb_content_width":"","footnotes":""},"categories":[21],"tags":[],"class_list":["post-987502610","post","type-post","status-publish","format-standard","has-post-thumbnail","hentry","category-noticias"],"acf":[],"_links":{"self":[{"href":"https:\/\/ministeriopublico.gob.pa\/instituto\/wp-json\/wp\/v2\/posts\/987502610","targetHints":{"allow":["GET"]}}],"collection":[{"href":"https:\/\/ministeriopublico.gob.pa\/instituto\/wp-json\/wp\/v2\/posts"}],"about":[{"href":"https:\/\/ministeriopublico.gob.pa\/instituto\/wp-json\/wp\/v2\/types\/post"}],"author":[{"embeddable":true,"href":"https:\/\/ministeriopublico.gob.pa\/instituto\/wp-json\/wp\/v2\/users\/5"}],"replies":[{"embeddable":true,"href":"https:\/\/ministeriopublico.gob.pa\/instituto\/wp-json\/wp\/v2\/comments?post=987502610"}],"version-history":[{"count":1,"href":"https:\/\/ministeriopublico.gob.pa\/instituto\/wp-json\/wp\/v2\/posts\/987502610\/revisions"}],"predecessor-version":[{"id":987502620,"href":"https:\/\/ministeriopublico.gob.pa\/instituto\/wp-json\/wp\/v2\/posts\/987502610\/revisions\/987502620"}],"wp:featuredmedia":[{"embeddable":true,"href":"https:\/\/ministeriopublico.gob.pa\/instituto\/wp-json\/wp\/v2\/media\/987502615"}],"wp:attachment":[{"href":"https:\/\/ministeriopublico.gob.pa\/instituto\/wp-json\/wp\/v2\/media?parent=987502610"}],"wp:term":[{"taxonomy":"category","embeddable":true,"href":"https:\/\/ministeriopublico.gob.pa\/instituto\/wp-json\/wp\/v2\/categories?post=987502610"},{"taxonomy":"post_tag","embeddable":true,"href":"https:\/\/ministeriopublico.gob.pa\/instituto\/wp-json\/wp\/v2\/tags?post=987502610"}],"curies":[{"name":"wp","href":"https:\/\/api.w.org\/{rel}","templated":true}]}}