{"id":987502606,"date":"2026-04-28T13:55:44","date_gmt":"2026-04-28T18:55:44","guid":{"rendered":"https:\/\/ministeriopublico.gob.pa\/instituto\/?p=987502606"},"modified":"2026-04-28T13:55:44","modified_gmt":"2026-04-28T18:55:44","slug":"con-la-trata-no-hay-trato-y-derechos-de-las-personas-migrantes","status":"publish","type":"post","link":"https:\/\/ministeriopublico.gob.pa\/instituto\/noticias\/con-la-trata-no-hay-trato-y-derechos-de-las-personas-migrantes\/","title":{"rendered":"\u201cCon la trata no hay trato y derechos de las personas migrantes\u201d"},"content":{"rendered":"<style type=\"text\/css\">\n#foogallery-gallery-987502589 .fg-image { width: 640px; }<\/style>\n\t\t\t<div class=\"foogallery foogallery-container foogallery-image-viewer foogallery-link-image foogallery-lightbox-foogallery fg-center fg-image-viewer fg-ready fg-light fg-border-thin fg-round-small fg-shadow-outline fg-shadow-inset-large fg-loading-default fg-loaded-fade-in fg-hover-semi-zoomed fg-caption-always fg-hover-fade fg-hover-plus3\" id=\"foogallery-gallery-987502589\" data-foogallery=\"{&quot;panel&quot;:{&quot;buttons&quot;:{&quot;download&quot;:false}},&quot;item&quot;:{&quot;showCaptionTitle&quot;:true,&quot;showCaptionDescription&quot;:true},&quot;lazy&quot;:true,&quot;template&quot;:{&quot;loop&quot;:true}}\" data-foogallery-lightbox=\"{&quot;thumbs&quot;:&quot;bottom&quot;,&quot;thumbsCaptions&quot;:false,&quot;thumbsBestFit&quot;:false,&quot;thumbsSmall&quot;:false,&quot;thumbsCaptionsAlign&quot;:&quot;default&quot;,&quot;info&quot;:&quot;bottom&quot;,&quot;infoVisible&quot;:true,&quot;infoOverlay&quot;:true,&quot;infoAlign&quot;:&quot;default&quot;,&quot;transition&quot;:&quot;fade&quot;,&quot;hoverButtons&quot;:false,&quot;fitMedia&quot;:false,&quot;noScrollbars&quot;:true,&quot;preserveButtonSpace&quot;:true,&quot;buttons&quot;:{&quot;fullscreen&quot;:true,&quot;info&quot;:true,&quot;thumbs&quot;:false,&quot;download&quot;:false},&quot;video&quot;:{&quot;autoPlay&quot;:true}}\" style=\"--fg-title-line-clamp: 1; --fg-description-line-clamp: 2;\" >\n\t<div class=\"fiv-inner\">\n\t\t<div class=\"fiv-inner-container\">\n\t\t\t<div class=\"fg-item fg-type-image fg-idle\"><figure class=\"fg-item-inner\"><a href=\"https:\/\/ministeriopublico.gob.pa\/instituto\/wp-content\/uploads\/2026\/04\/Con-la-trata-no-hay-trato-y-derechos-de-las-personas-migrantes-24ABR26-2.jpeg\" data-attachment-id=\"987502590\" data-type=\"image\" class=\"fg-thumb\"><span class=\"fg-image-wrap\"><img fetchpriority=\"high\" decoding=\"async\" width=\"640\" height=\"360\" class=\"skip-lazy fg-image\" data-src-fg=\"https:\/\/ministeriopublico.gob.pa\/instituto\/wp-content\/uploads\/cache\/2026\/04\/Con-la-trata-no-hay-trato-y-derechos-de-las-personas-migrantes-24ABR26-2\/965669577.jpeg\" src=\"data:image\/svg+xml,%3Csvg%20xmlns%3D%22http%3A%2F%2Fwww.w3.org%2F2000%2Fsvg%22%20width%3D%22640%22%20height%3D%22360%22%20viewBox%3D%220%200%20640%20360%22%3E%3C%2Fsvg%3E\" loading=\"eager\"><\/span><span class=\"fg-image-overlay\"><\/span><\/a><\/figure><div class=\"fg-loader\"><\/div><\/div><div class=\"fg-item fg-type-image fg-idle\"><figure class=\"fg-item-inner\"><a href=\"https:\/\/ministeriopublico.gob.pa\/instituto\/wp-content\/uploads\/2026\/04\/Con-la-trata-no-hay-trato-y-derechos-de-las-personas-migrantes-24ABR26-3.jpeg\" data-attachment-id=\"987502591\" data-type=\"image\" class=\"fg-thumb\"><span class=\"fg-image-wrap\"><img decoding=\"async\" width=\"640\" height=\"360\" class=\"skip-lazy fg-image\" data-src-fg=\"https:\/\/ministeriopublico.gob.pa\/instituto\/wp-content\/uploads\/cache\/2026\/04\/Con-la-trata-no-hay-trato-y-derechos-de-las-personas-migrantes-24ABR26-3\/3928062643.jpeg\" src=\"data:image\/svg+xml,%3Csvg%20xmlns%3D%22http%3A%2F%2Fwww.w3.org%2F2000%2Fsvg%22%20width%3D%22640%22%20height%3D%22360%22%20viewBox%3D%220%200%20640%20360%22%3E%3C%2Fsvg%3E\" loading=\"eager\"><\/span><span class=\"fg-image-overlay\"><\/span><\/a><\/figure><div class=\"fg-loader\"><\/div><\/div><div class=\"fg-item fg-type-image fg-idle\"><figure class=\"fg-item-inner\"><a href=\"https:\/\/ministeriopublico.gob.pa\/instituto\/wp-content\/uploads\/2026\/04\/Con-la-trata-no-hay-trato-y-derechos-de-las-personas-migrantes-24ABR26-4.jpeg\" data-attachment-id=\"987502592\" data-type=\"image\" class=\"fg-thumb\"><span class=\"fg-image-wrap\"><img decoding=\"async\" width=\"640\" height=\"360\" class=\"skip-lazy fg-image\" data-src-fg=\"https:\/\/ministeriopublico.gob.pa\/instituto\/wp-content\/uploads\/cache\/2026\/04\/Con-la-trata-no-hay-trato-y-derechos-de-las-personas-migrantes-24ABR26-4\/407680368.jpeg\" src=\"data:image\/svg+xml,%3Csvg%20xmlns%3D%22http%3A%2F%2Fwww.w3.org%2F2000%2Fsvg%22%20width%3D%22640%22%20height%3D%22360%22%20viewBox%3D%220%200%20640%20360%22%3E%3C%2Fsvg%3E\" loading=\"eager\"><\/span><span class=\"fg-image-overlay\"><\/span><\/a><\/figure><div class=\"fg-loader\"><\/div><\/div><div class=\"fg-item fg-type-image fg-idle\"><figure class=\"fg-item-inner\"><a href=\"https:\/\/ministeriopublico.gob.pa\/instituto\/wp-content\/uploads\/2026\/04\/Con-la-trata-no-hay-trato-y-derechos-de-las-personas-migrantes-24ABR26-5.jpeg\" data-attachment-id=\"987502593\" data-type=\"image\" class=\"fg-thumb\"><span class=\"fg-image-wrap\"><img decoding=\"async\" width=\"640\" height=\"360\" class=\"skip-lazy fg-image\" data-src-fg=\"https:\/\/ministeriopublico.gob.pa\/instituto\/wp-content\/uploads\/cache\/2026\/04\/Con-la-trata-no-hay-trato-y-derechos-de-las-personas-migrantes-24ABR26-5\/3420667146.jpeg\" src=\"data:image\/svg+xml,%3Csvg%20xmlns%3D%22http%3A%2F%2Fwww.w3.org%2F2000%2Fsvg%22%20width%3D%22640%22%20height%3D%22360%22%20viewBox%3D%220%200%20640%20360%22%3E%3C%2Fsvg%3E\" loading=\"eager\"><\/span><span class=\"fg-image-overlay\"><\/span><\/a><\/figure><div class=\"fg-loader\"><\/div><\/div><div class=\"fg-item fg-type-image fg-idle\"><figure class=\"fg-item-inner\"><a href=\"https:\/\/ministeriopublico.gob.pa\/instituto\/wp-content\/uploads\/2026\/04\/Con-la-trata-no-hay-trato-y-derechos-de-las-personas-migrantes-24ABR26-6.jpeg\" data-attachment-id=\"987502594\" data-type=\"image\" class=\"fg-thumb\"><span class=\"fg-image-wrap\"><img decoding=\"async\" width=\"640\" height=\"360\" class=\"skip-lazy fg-image\" data-src-fg=\"https:\/\/ministeriopublico.gob.pa\/instituto\/wp-content\/uploads\/cache\/2026\/04\/Con-la-trata-no-hay-trato-y-derechos-de-las-personas-migrantes-24ABR26-6\/3251822499.jpeg\" src=\"data:image\/svg+xml,%3Csvg%20xmlns%3D%22http%3A%2F%2Fwww.w3.org%2F2000%2Fsvg%22%20width%3D%22640%22%20height%3D%22360%22%20viewBox%3D%220%200%20640%20360%22%3E%3C%2Fsvg%3E\" loading=\"eager\"><\/span><span class=\"fg-image-overlay\"><\/span><\/a><\/figure><div class=\"fg-loader\"><\/div><\/div><div class=\"fg-item fg-type-image fg-idle\"><figure class=\"fg-item-inner\"><a href=\"https:\/\/ministeriopublico.gob.pa\/instituto\/wp-content\/uploads\/2026\/04\/Con-la-trata-no-hay-trato-y-derechos-de-las-personas-migrantes-24ABR26-7.jpeg\" data-attachment-id=\"987502595\" data-type=\"image\" class=\"fg-thumb\"><span class=\"fg-image-wrap\"><img decoding=\"async\" width=\"640\" height=\"360\" class=\"skip-lazy fg-image\" data-src-fg=\"https:\/\/ministeriopublico.gob.pa\/instituto\/wp-content\/uploads\/cache\/2026\/04\/Con-la-trata-no-hay-trato-y-derechos-de-las-personas-migrantes-24ABR26-7\/310204377.jpeg\" src=\"data:image\/svg+xml,%3Csvg%20xmlns%3D%22http%3A%2F%2Fwww.w3.org%2F2000%2Fsvg%22%20width%3D%22640%22%20height%3D%22360%22%20viewBox%3D%220%200%20640%20360%22%3E%3C%2Fsvg%3E\" loading=\"eager\"><\/span><span class=\"fg-image-overlay\"><\/span><\/a><\/figure><div class=\"fg-loader\"><\/div><\/div><div class=\"fg-item fg-type-image fg-idle\"><figure class=\"fg-item-inner\"><a href=\"https:\/\/ministeriopublico.gob.pa\/instituto\/wp-content\/uploads\/2026\/04\/Con-la-trata-no-hay-trato-y-derechos-de-las-personas-migrantes-24ABR26-8.jpeg\" data-attachment-id=\"987502596\" data-type=\"image\" class=\"fg-thumb\"><span class=\"fg-image-wrap\"><img decoding=\"async\" width=\"640\" height=\"360\" class=\"skip-lazy fg-image\" data-src-fg=\"https:\/\/ministeriopublico.gob.pa\/instituto\/wp-content\/uploads\/cache\/2026\/04\/Con-la-trata-no-hay-trato-y-derechos-de-las-personas-migrantes-24ABR26-8\/1539848706.jpeg\" src=\"data:image\/svg+xml,%3Csvg%20xmlns%3D%22http%3A%2F%2Fwww.w3.org%2F2000%2Fsvg%22%20width%3D%22640%22%20height%3D%22360%22%20viewBox%3D%220%200%20640%20360%22%3E%3C%2Fsvg%3E\" loading=\"eager\"><\/span><span class=\"fg-image-overlay\"><\/span><\/a><\/figure><div class=\"fg-loader\"><\/div><\/div><div class=\"fg-item fg-type-image fg-idle\"><figure class=\"fg-item-inner\"><a href=\"https:\/\/ministeriopublico.gob.pa\/instituto\/wp-content\/uploads\/2026\/04\/Con-la-trata-no-hay-trato-y-derechos-de-las-personas-migrantes-24ABR26-9.jpeg\" data-attachment-id=\"987502597\" data-type=\"image\" class=\"fg-thumb\"><span class=\"fg-image-wrap\"><img decoding=\"async\" width=\"640\" height=\"360\" class=\"skip-lazy fg-image\" data-src-fg=\"https:\/\/ministeriopublico.gob.pa\/instituto\/wp-content\/uploads\/cache\/2026\/04\/Con-la-trata-no-hay-trato-y-derechos-de-las-personas-migrantes-24ABR26-9\/2288497272.jpeg\" src=\"data:image\/svg+xml,%3Csvg%20xmlns%3D%22http%3A%2F%2Fwww.w3.org%2F2000%2Fsvg%22%20width%3D%22640%22%20height%3D%22360%22%20viewBox%3D%220%200%20640%20360%22%3E%3C%2Fsvg%3E\" loading=\"eager\"><\/span><span class=\"fg-image-overlay\"><\/span><\/a><\/figure><div class=\"fg-loader\"><\/div><\/div><div class=\"fg-item fg-type-image fg-idle\"><figure class=\"fg-item-inner\"><a href=\"https:\/\/ministeriopublico.gob.pa\/instituto\/wp-content\/uploads\/2026\/04\/Con-la-trata-no-hay-trato-y-derechos-de-las-personas-migrantes-24ABR26-10.jpeg\" data-attachment-id=\"987502598\" data-type=\"image\" class=\"fg-thumb\"><span class=\"fg-image-wrap\"><img decoding=\"async\" width=\"640\" height=\"360\" class=\"skip-lazy fg-image\" data-src-fg=\"https:\/\/ministeriopublico.gob.pa\/instituto\/wp-content\/uploads\/cache\/2026\/04\/Con-la-trata-no-hay-trato-y-derechos-de-las-personas-migrantes-24ABR26-10\/2819189347.jpeg\" src=\"data:image\/svg+xml,%3Csvg%20xmlns%3D%22http%3A%2F%2Fwww.w3.org%2F2000%2Fsvg%22%20width%3D%22640%22%20height%3D%22360%22%20viewBox%3D%220%200%20640%20360%22%3E%3C%2Fsvg%3E\" loading=\"eager\"><\/span><span class=\"fg-image-overlay\"><\/span><\/a><\/figure><div class=\"fg-loader\"><\/div><\/div><div class=\"fg-item fg-type-image fg-idle\"><figure class=\"fg-item-inner\"><a href=\"https:\/\/ministeriopublico.gob.pa\/instituto\/wp-content\/uploads\/2026\/04\/Con-la-trata-no-hay-trato-y-derechos-de-las-personas-migrantes-24ABR26-11.jpeg\" data-attachment-id=\"987502599\" data-type=\"image\" class=\"fg-thumb\"><span class=\"fg-image-wrap\"><img decoding=\"async\" width=\"640\" height=\"360\" class=\"skip-lazy fg-image\" data-src-fg=\"https:\/\/ministeriopublico.gob.pa\/instituto\/wp-content\/uploads\/cache\/2026\/04\/Con-la-trata-no-hay-trato-y-derechos-de-las-personas-migrantes-24ABR26-11\/3769836212.jpeg\" src=\"data:image\/svg+xml,%3Csvg%20xmlns%3D%22http%3A%2F%2Fwww.w3.org%2F2000%2Fsvg%22%20width%3D%22640%22%20height%3D%22360%22%20viewBox%3D%220%200%20640%20360%22%3E%3C%2Fsvg%3E\" loading=\"eager\"><\/span><span class=\"fg-image-overlay\"><\/span><\/a><\/figure><div class=\"fg-loader\"><\/div><\/div><div class=\"fg-item fg-type-image fg-idle\"><figure class=\"fg-item-inner\"><a href=\"https:\/\/ministeriopublico.gob.pa\/instituto\/wp-content\/uploads\/2026\/04\/Con-la-trata-no-hay-trato-y-derechos-de-las-personas-migrantes-24ABR26-12.jpeg\" data-attachment-id=\"987502600\" data-type=\"image\" class=\"fg-thumb\"><span class=\"fg-image-wrap\"><img decoding=\"async\" width=\"640\" height=\"360\" class=\"skip-lazy fg-image\" data-src-fg=\"https:\/\/ministeriopublico.gob.pa\/instituto\/wp-content\/uploads\/cache\/2026\/04\/Con-la-trata-no-hay-trato-y-derechos-de-las-personas-migrantes-24ABR26-12\/2925757579.jpeg\" src=\"data:image\/svg+xml,%3Csvg%20xmlns%3D%22http%3A%2F%2Fwww.w3.org%2F2000%2Fsvg%22%20width%3D%22640%22%20height%3D%22360%22%20viewBox%3D%220%200%20640%20360%22%3E%3C%2Fsvg%3E\" loading=\"eager\"><\/span><span class=\"fg-image-overlay\"><\/span><\/a><\/figure><div class=\"fg-loader\"><\/div><\/div><div class=\"fg-item fg-type-image fg-idle\"><figure class=\"fg-item-inner\"><a href=\"https:\/\/ministeriopublico.gob.pa\/instituto\/wp-content\/uploads\/2026\/04\/Con-la-trata-no-hay-trato-y-derechos-de-las-personas-migrantes-24ABR26-13.jpeg\" data-attachment-id=\"987502601\" data-type=\"image\" class=\"fg-thumb\"><span class=\"fg-image-wrap\"><img decoding=\"async\" width=\"640\" height=\"360\" class=\"skip-lazy fg-image\" data-src-fg=\"https:\/\/ministeriopublico.gob.pa\/instituto\/wp-content\/uploads\/cache\/2026\/04\/Con-la-trata-no-hay-trato-y-derechos-de-las-personas-migrantes-24ABR26-13\/3873033308.jpeg\" src=\"data:image\/svg+xml,%3Csvg%20xmlns%3D%22http%3A%2F%2Fwww.w3.org%2F2000%2Fsvg%22%20width%3D%22640%22%20height%3D%22360%22%20viewBox%3D%220%200%20640%20360%22%3E%3C%2Fsvg%3E\" loading=\"eager\"><\/span><span class=\"fg-image-overlay\"><\/span><\/a><\/figure><div class=\"fg-loader\"><\/div><\/div><div class=\"fg-item fg-type-image fg-idle\"><figure class=\"fg-item-inner\"><a href=\"https:\/\/ministeriopublico.gob.pa\/instituto\/wp-content\/uploads\/2026\/04\/Con-la-trata-no-hay-trato-y-derechos-de-las-personas-migrantes-24ABR26-14.jpeg\" data-attachment-id=\"987502602\" data-type=\"image\" class=\"fg-thumb\"><span class=\"fg-image-wrap\"><img decoding=\"async\" width=\"640\" height=\"360\" class=\"skip-lazy fg-image\" data-src-fg=\"https:\/\/ministeriopublico.gob.pa\/instituto\/wp-content\/uploads\/cache\/2026\/04\/Con-la-trata-no-hay-trato-y-derechos-de-las-personas-migrantes-24ABR26-14\/1660634153.jpeg\" src=\"data:image\/svg+xml,%3Csvg%20xmlns%3D%22http%3A%2F%2Fwww.w3.org%2F2000%2Fsvg%22%20width%3D%22640%22%20height%3D%22360%22%20viewBox%3D%220%200%20640%20360%22%3E%3C%2Fsvg%3E\" loading=\"eager\"><\/span><span class=\"fg-image-overlay\"><\/span><\/a><\/figure><div class=\"fg-loader\"><\/div><\/div><div class=\"fg-item fg-type-image fg-idle\"><figure class=\"fg-item-inner\"><a href=\"https:\/\/ministeriopublico.gob.pa\/instituto\/wp-content\/uploads\/2026\/04\/Con-la-trata-no-hay-trato-y-derechos-de-las-personas-migrantes-24ABR26-15.jpeg\" data-attachment-id=\"987502603\" data-type=\"image\" class=\"fg-thumb\"><span class=\"fg-image-wrap\"><img decoding=\"async\" width=\"640\" height=\"360\" class=\"skip-lazy fg-image\" data-src-fg=\"https:\/\/ministeriopublico.gob.pa\/instituto\/wp-content\/uploads\/cache\/2026\/04\/Con-la-trata-no-hay-trato-y-derechos-de-las-personas-migrantes-24ABR26-15\/708906238.jpeg\" src=\"data:image\/svg+xml,%3Csvg%20xmlns%3D%22http%3A%2F%2Fwww.w3.org%2F2000%2Fsvg%22%20width%3D%22640%22%20height%3D%22360%22%20viewBox%3D%220%200%20640%20360%22%3E%3C%2Fsvg%3E\" loading=\"eager\"><\/span><span class=\"fg-image-overlay\"><\/span><\/a><\/figure><div class=\"fg-loader\"><\/div><\/div><div class=\"fg-item fg-type-image fg-idle\"><figure class=\"fg-item-inner\"><a href=\"https:\/\/ministeriopublico.gob.pa\/instituto\/wp-content\/uploads\/2026\/04\/Con-la-trata-no-hay-trato-y-derechos-de-las-personas-migrantes-24ABR26-16.jpeg\" data-attachment-id=\"987502604\" data-type=\"image\" class=\"fg-thumb\"><span class=\"fg-image-wrap\"><img decoding=\"async\" width=\"640\" height=\"360\" class=\"skip-lazy fg-image\" data-src-fg=\"https:\/\/ministeriopublico.gob.pa\/instituto\/wp-content\/uploads\/cache\/2026\/04\/Con-la-trata-no-hay-trato-y-derechos-de-las-personas-migrantes-24ABR26-16\/1476108694.jpeg\" src=\"data:image\/svg+xml,%3Csvg%20xmlns%3D%22http%3A%2F%2Fwww.w3.org%2F2000%2Fsvg%22%20width%3D%22640%22%20height%3D%22360%22%20viewBox%3D%220%200%20640%20360%22%3E%3C%2Fsvg%3E\" loading=\"eager\"><\/span><span class=\"fg-image-overlay\"><\/span><\/a><\/figure><div class=\"fg-loader\"><\/div><\/div><div class=\"fg-item fg-type-image fg-idle\"><figure class=\"fg-item-inner\"><a href=\"https:\/\/ministeriopublico.gob.pa\/instituto\/wp-content\/uploads\/2026\/04\/Con-la-trata-no-hay-trato-y-derechos-de-las-personas-migrantes-24ABR26-17.jpeg\" data-attachment-id=\"987502605\" data-type=\"image\" class=\"fg-thumb\"><span class=\"fg-image-wrap\"><img decoding=\"async\" width=\"640\" height=\"360\" class=\"skip-lazy fg-image\" data-src-fg=\"https:\/\/ministeriopublico.gob.pa\/instituto\/wp-content\/uploads\/cache\/2026\/04\/Con-la-trata-no-hay-trato-y-derechos-de-las-personas-migrantes-24ABR26-17\/524413249.jpeg\" src=\"data:image\/svg+xml,%3Csvg%20xmlns%3D%22http%3A%2F%2Fwww.w3.org%2F2000%2Fsvg%22%20width%3D%22640%22%20height%3D%22360%22%20viewBox%3D%220%200%20640%20360%22%3E%3C%2Fsvg%3E\" loading=\"eager\"><\/span><span class=\"fg-image-overlay\"><\/span><\/a><\/figure><div class=\"fg-loader\"><\/div><\/div>\t\t<\/div>\n\t\t<div class=\"fiv-ctrls\">\n\t\t\t<button type=\"button\" class=\"fiv-prev\" title=\"Anterior\"><span>Anterior<\/span><\/button>\n\t\t\t<label class=\"fiv-count\"><span class=\"fiv-count-current\">1<\/span>de<span class=\"fiv-count-total\">16<\/span><\/label>\n\t\t\t<button type=\"button\" class=\"fiv-next\" title=\"Siguiente\"><span>Siguiente<\/span><\/button>\n\t\t<\/div>\n\t<\/div>\n<\/div>\n<p>El pasado 24 de abril se llev\u00f3 a cabo la jornada de sensibilizaci\u00f3n titulada <em>\u201c<\/em>Con la trata no hay trato y derechos de las personas migrantes<em>\u201d<\/em>, organizada de manera conjunta por el Ministerio P\u00fablico y el Ministerio de Seguridad, a trav\u00e9s de la Secretar\u00eda General de la Comisi\u00f3n Nacional contra la Trata de Personas.<\/p>\n<p>Esta actividad tuvo como prop\u00f3sito fortalecer las capacidades de los funcionarios del Ministerio P\u00fablico, mediante la sensibilizaci\u00f3n sobre la problem\u00e1tica de la trata de personas, destacando su impacto en los derechos humanos y la importancia del trabajo interinstitucional para su prevenci\u00f3n, investigaci\u00f3n y la atenci\u00f3n integral de las v\u00edctimas.<\/p>\n<p>La jornada inici\u00f3 con las palabras de apertura de la licenciada Elizabeth Carri\u00f3n, fiscal superior de la Fiscal\u00eda Segunda Especializada contra la Delincuencia Organizada, quien resalt\u00f3 que la trata de personas es un delito complejo que atenta gravemente contra la dignidad humana. Asimismo, exhort\u00f3 a los participantes a continuar fortaleciendo sus conocimientos y a promover una actuaci\u00f3n coordinada entre las distintas entidades del Estado.<\/p>\n<p>En la actividad participaron funcionarios de diversas regionales del pa\u00eds, as\u00ed como de la Fiscal\u00eda Metropolitana y de la Fiscal\u00eda Primera y Segunda contra la Delincuencia Organizada, lo que permiti\u00f3 un intercambio de experiencias y buenas pr\u00e1cticas en la materia.<\/p>\n<p>Como parte del programa acad\u00e9mico, se cont\u00f3 con la participaci\u00f3n de destacados expositores. Por el Ministerio de Seguridad intervinieron la licenciada Mayra Silvera, jefa de la Oficina Institucional contra la Trata de Personas y secretaria general encargada de la Comisi\u00f3n Nacional contra la Trata de Personas; Mois\u00e9s Chanis, subsecretario encargado; y el licenciado Elvis Coneo. Por el Ministerio P\u00fablico participaron el fiscal Carlos Mario Mart\u00ednez Zevallo, de la Fiscal\u00eda Regional de Dari\u00e9n, y la licenciada Giannett Quintero, de la Fiscal\u00eda Superior de Asuntos Internacionales.<\/p>\n<p>Durante la jornada se abordaron temas fundamentales para el abordaje integral del delito de trata de personas, incluyendo el marco legal para su persecuci\u00f3n y los procedimientos de identificaci\u00f3n, atenci\u00f3n y seguimiento a v\u00edctimas, as\u00ed como las rutas de atenci\u00f3n establecidas de trata de personas. Asimismo, se analiz\u00f3 la protecci\u00f3n internacional de los derechos humanos de las personas migrantes, con referencia a los principales instrumentos jur\u00eddicos internacionales, y se desarrollaron casos pr\u00e1cticos como <em>V\u00e9lez Loor vs. Panam\u00e1<\/em>. Igualmente, se destac\u00f3 el derecho a la informaci\u00f3n y el acceso efectivo a la asistencia consular, conforme a la Convenci\u00f3n de Viena, enfatizando la obligaci\u00f3n del Estado de garantizar estos derechos.<\/p>\n","protected":false},"excerpt":{"rendered":"<p>El pasado 24 de abril se llev\u00f3 a cabo la jornada de sensibilizaci\u00f3n titulada \u201cCon la trata no hay trato y derechos de las personas migrantes\u201d, organizada de manera conjunta por el Ministerio P\u00fablico y el Ministerio de Seguridad, a trav\u00e9s de la Secretar\u00eda General de la Comisi\u00f3n Nacional contra la Trata de Personas. Esta [&hellip;]<\/p>\n","protected":false},"author":5,"featured_media":987502602,"comment_status":"closed","ping_status":"open","sticky":false,"template":"","format":"standard","meta":{"_acf_changed":false,"_et_pb_use_builder":"","_et_pb_old_content":"","_et_gb_content_width":"","footnotes":""},"categories":[21],"tags":[],"class_list":["post-987502606","post","type-post","status-publish","format-standard","has-post-thumbnail","hentry","category-noticias"],"acf":[],"_links":{"self":[{"href":"https:\/\/ministeriopublico.gob.pa\/instituto\/wp-json\/wp\/v2\/posts\/987502606","targetHints":{"allow":["GET"]}}],"collection":[{"href":"https:\/\/ministeriopublico.gob.pa\/instituto\/wp-json\/wp\/v2\/posts"}],"about":[{"href":"https:\/\/ministeriopublico.gob.pa\/instituto\/wp-json\/wp\/v2\/types\/post"}],"author":[{"embeddable":true,"href":"https:\/\/ministeriopublico.gob.pa\/instituto\/wp-json\/wp\/v2\/users\/5"}],"replies":[{"embeddable":true,"href":"https:\/\/ministeriopublico.gob.pa\/instituto\/wp-json\/wp\/v2\/comments?post=987502606"}],"version-history":[{"count":1,"href":"https:\/\/ministeriopublico.gob.pa\/instituto\/wp-json\/wp\/v2\/posts\/987502606\/revisions"}],"predecessor-version":[{"id":987502607,"href":"https:\/\/ministeriopublico.gob.pa\/instituto\/wp-json\/wp\/v2\/posts\/987502606\/revisions\/987502607"}],"wp:featuredmedia":[{"embeddable":true,"href":"https:\/\/ministeriopublico.gob.pa\/instituto\/wp-json\/wp\/v2\/media\/987502602"}],"wp:attachment":[{"href":"https:\/\/ministeriopublico.gob.pa\/instituto\/wp-json\/wp\/v2\/media?parent=987502606"}],"wp:term":[{"taxonomy":"category","embeddable":true,"href":"https:\/\/ministeriopublico.gob.pa\/instituto\/wp-json\/wp\/v2\/categories?post=987502606"},{"taxonomy":"post_tag","embeddable":true,"href":"https:\/\/ministeriopublico.gob.pa\/instituto\/wp-json\/wp\/v2\/tags?post=987502606"}],"curies":[{"name":"wp","href":"https:\/\/api.w.org\/{rel}","templated":true}]}}